{"id":9787,"date":"2022-05-27T06:15:26","date_gmt":"2022-05-27T06:15:26","guid":{"rendered":"https:\/\/istorie.unibuc.ro\/?p=9787"},"modified":"2022-05-27T06:15:31","modified_gmt":"2022-05-27T06:15:31","slug":"civis","status":"publish","type":"post","link":"https:\/\/istorie.unibuc.ro\/facultate\/2022\/05\/27\/civis\/","title":{"rendered":"CIVIS"},"content":{"rendered":"\n<p class=\"wp-block-paragraph\"><em>\u201d\u00ce\u021bi aminte\u0219ti cum ai auzit prima dat\u0103 despre alian\u021ba&nbsp;CIVIS? Ai o idee mai bun\u0103 despre cum ai vrea s\u0103 fii informat despre oportunit\u0103\u021bile pe care&nbsp;CIVIS&nbsp;le ofer\u0103 studen\u021bilor, cadrelor universitare \u0219i personalului administrativ?<br><br>Pe m\u0103sur\u0103 ce ne apropiem de 3 ani de cooperare, revedem \u0219i analiz\u0103m felul \u00een care am comunicat \u00een alian\u021ba&nbsp;CIVIS. Dac\u0103 vrei s\u0103 ne aju\u021bi, acord\u0103-ne 5 minute pentru a completa acest sondaj:&nbsp;<a href=\"https:\/\/forms.gle\/yqrGpmLRWNZq6TnG7\" rel=\"noreferrer noopener\" target=\"_blank\">https:\/\/forms.gle\/yqrGpmLRWNZq6TnG7<\/a><br><br>R\u0103spunsurile tale ne vor ajuta&nbsp;<\/em><em>\u00een viitor&nbsp;<\/em><em>s\u0103 comunic\u0103m mai bine \u00een&nbsp;CIVIS, astfel \u00eenc\u00e2t oportunit\u0103\u021bile grozave ale alian\u021bei s\u0103 ajung\u0103 mai u\u0219or la tine \u0219i la colegii t\u0103i!<\/em><\/p>\n\n\n\n<p class=\"wp-block-paragraph\"><em>PS Formularul poate fi completat p\u00e2n\u0103 pe 5 iunie 2022\u201d<\/em><\/p>\n\n\n\n<p class=\"wp-block-paragraph\"><\/p>\n","protected":false},"excerpt":{"rendered":"<p>\u201d\u00ce\u021bi aminte\u0219ti cum ai auzit prima dat\u0103 despre alian\u021ba&nbsp;CIVIS? Ai o idee mai bun\u0103 despre cum ai vrea s\u0103 fii informat despre oportunit\u0103\u021bile pe care&nbsp;CIVIS&nbsp;le ofer\u0103 studen\u021bilor, cadrelor universitare \u0219i personalului administrativ? Pe m\u0103sur\u0103 ce ne apropiem de 3 ani de cooperare, revedem \u0219i analiz\u0103m felul \u00een care am comunicat \u00een alian\u021ba&nbsp;CIVIS. Dac\u0103 vrei s\u0103 [&hellip;]<\/p>\n","protected":false},"author":7,"featured_media":0,"comment_status":"closed","ping_status":"open","sticky":false,"template":"","format":"standard","meta":{"_crdt_document":"","jetpack_post_was_ever_published":false,"_jetpack_newsletter_access":"","_jetpack_dont_email_post_to_subs":false,"_jetpack_newsletter_tier_id":0,"_jetpack_memberships_contains_paywalled_content":false,"_jetpack_memberships_contains_paid_content":false,"footnotes":"","jetpack_publicize_message":"","jetpack_publicize_feature_enabled":true,"jetpack_social_post_already_shared":true,"jetpack_social_options":{"image_generator_settings":{"template":"highway","default_image_id":0,"font":"","enabled":false},"version":2}},"categories":[20,34,31,32,30],"tags":[],"class_list":["post-9787","post","type-post","status-publish","format-standard","hentry","category-anunturi","category-avizier","category-licenta-master","category-master","category-scoala-docorala"],"jetpack_publicize_connections":[],"jetpack_featured_media_url":"","jetpack_sharing_enabled":true,"jetpack_shortlink":"https:\/\/wp.me\/saobZd-civis","jetpack-related-posts":[],"_links":{"self":[{"href":"https:\/\/istorie.unibuc.ro\/facultate\/wp-json\/wp\/v2\/posts\/9787","targetHints":{"allow":["GET"]}}],"collection":[{"href":"https:\/\/istorie.unibuc.ro\/facultate\/wp-json\/wp\/v2\/posts"}],"about":[{"href":"https:\/\/istorie.unibuc.ro\/facultate\/wp-json\/wp\/v2\/types\/post"}],"author":[{"embeddable":true,"href":"https:\/\/istorie.unibuc.ro\/facultate\/wp-json\/wp\/v2\/users\/7"}],"replies":[{"embeddable":true,"href":"https:\/\/istorie.unibuc.ro\/facultate\/wp-json\/wp\/v2\/comments?post=9787"}],"version-history":[{"count":1,"href":"https:\/\/istorie.unibuc.ro\/facultate\/wp-json\/wp\/v2\/posts\/9787\/revisions"}],"predecessor-version":[{"id":9788,"href":"https:\/\/istorie.unibuc.ro\/facultate\/wp-json\/wp\/v2\/posts\/9787\/revisions\/9788"}],"wp:attachment":[{"href":"https:\/\/istorie.unibuc.ro\/facultate\/wp-json\/wp\/v2\/media?parent=9787"}],"wp:term":[{"taxonomy":"category","embeddable":true,"href":"https:\/\/istorie.unibuc.ro\/facultate\/wp-json\/wp\/v2\/categories?post=9787"},{"taxonomy":"post_tag","embeddable":true,"href":"https:\/\/istorie.unibuc.ro\/facultate\/wp-json\/wp\/v2\/tags?post=9787"}],"curies":[{"name":"wp","href":"https:\/\/api.w.org\/{rel}","templated":true}]}}