{"id":8759,"date":"2022-01-26T07:07:11","date_gmt":"2022-01-26T07:07:11","guid":{"rendered":"https:\/\/istorie.unibuc.ro\/?p=8759"},"modified":"2022-01-27T11:47:44","modified_gmt":"2022-01-27T11:47:44","slug":"conferintele-bucuresti-chisinau-editia-a-iii-a-identitate-patrimoniu-globalizare","status":"publish","type":"post","link":"https:\/\/istorie.unibuc.ro\/facultate\/2022\/01\/26\/conferintele-bucuresti-chisinau-editia-a-iii-a-identitate-patrimoniu-globalizare\/","title":{"rendered":"Conferin\u021bele Bucure\u0219ti-Chi\u0219in\u0103u, Edi\u021bia a III-a \u201eIdentitate, patrimoniu, globalizare\u201d"},"content":{"rendered":"\n<p class=\"wp-block-paragraph\"><a href=\"https:\/\/filosofie.unibuc.ro\/2022\/01\/20\/cfp-conferintele-bucuresti-chisinau-editia-a-iii-a-identitate-patrimoniu-globalizare\/?fbclid=IwAR1Cv5Uf-keWL2WSgkvGiond8bLN-aoBV29JYbGhNSBM9nvM4DE_MRbi9Hc\" rel=\"noreferrer noopener\" target=\"_blank\">CfP: Conferin\u021bele Bucure\u0219ti-Chi\u0219in\u0103u, Edi\u021bia a III-a \u201eIdentitate, patrimoniu, globalizare\u201d &#8211; Facultatea de Filosofie (unibuc.ro)<\/a><\/p>\n\n\n\n<p class=\"wp-block-paragraph\">\u00cen data de 8 aprilie 2022, Facultatea de Filosofie \u0219i Facultatea de Istorie ale Universit\u0103\u021bii din Bucure\u0219ti \u0219i Facultatea de Istorie \u0219i Filosofie a Universit\u0103\u021bii de Stat din Moldova organizeaz\u0103, \u00een regim online, a treia edi\u021bie a seriei de Conferin\u021be Bucure\u0219ti-Chi\u0219in\u0103u&nbsp;cu tematica \u201eIdentitate, patrimoniu, globalizare\u201d.<\/p>\n\n\n\n<p class=\"wp-block-paragraph\">\u00cen contextul numeroaselor fenomene centrifuge \u0219i disruptive asociate globaliz\u0103rii, care se propag\u0103 \u0219i se resimt deopotriv\u0103 \u00een Rom\u00e2nia \u0219i Republica Moldova, conferin\u021ba aduce \u00een aten\u021bie problemele identit\u0103\u021bii \u0219i patrimoniului, tot mai ap\u0103sat prezente \u00een discu\u021biile purtate pe varii registre ideatice: social, politic, cultural, religios, etnic etc.<\/p>\n\n\n\n<p class=\"wp-block-paragraph\">Lucr\u0103rile conferin\u021bei constituie o excelent\u0103 ocazie de dezbatere \u0219i evaluare a&nbsp;situa\u021biei actuale din perspectivele amintite, iar organizatorii a\u0219teapt\u0103 participarea celor mai importan\u021bi speciali\u0219ti din domeniul \u0219tiin\u021belor socio-umane.<\/p>\n\n\n\n<p class=\"wp-block-paragraph\">Titlurile \u0219i rezumatele se vor trimite p\u00e2n\u0103 la 01 martie 2022 prin intermediul formularului https:\/\/forms.gle\/m7YpsGGViFyVNctQ7, iar rezultatele vor fi comunicate p\u00e2n\u0103 la 15 martie 2022.<\/p>\n\n\n\n<p class=\"wp-block-paragraph\"><strong>Comitetul de organizare<\/strong><\/p>\n\n\n\n<ul class=\"wp-block-list\"><li>Prof. univ. dr. Marian PREDA, Rectorul Universit\u0103\u021bii din Bucure\u0219ti<\/li><li>Conf. univ. dr. Igor \u0218AROV, Rectorul Universit\u0103\u021bii de Stat din Moldova<\/li><li>Conf. univ. dr. Valentin Sorin COSTREIE, Prorector Re\u021bele universitare \u0219i Rela\u021bii publice, Universitatea din Bucure\u0219ti<\/li><li>Conf. univ. dr. Florentina NI\u021aU, Decanul Facult\u0103\u021bii de Istorie, Universitatea din Bucure\u0219ti<\/li><li>Conf. univ. dr. Sergiu MATVEEV, Decanul Facult\u0103\u021bii de Istorie \u0219i Filosofie, Universitatea de Stat din Moldova<\/li><li>Prof. univ. dr. Viorel VIZUREANU, Decanul Facult\u0103\u021bii de Filosofie, Universitatea din Bucure\u0219ti<\/li><li>Academician Prof. univ. dr. Mircea DUMITRU, Directorul \u0218colii Doctorale de Filosofie, Facultatea de Filosofie, Universitatea din Bucure\u0219ti<\/li><li>Prof. univ. dr. Constantin STOENESCU, Directorul Departamentului de Filosofie Teoretic\u0103, Facultatea de Filosofie, Universitatea din Bucure\u0219ti<\/li><li>Conf. univ. dr. Liliana ROTARU, Directorul Departamentului de Istoria Rom\u00e2nilor, Universal\u0103 \u0219i Arheologie, Universitatea de Stat din Moldova<\/li><li>Conf. univ. dr. Dumitru DODUL, Directorul Departamentului de Filosofie \u0219i Antropologie, Universitatea de Stat din Moldova<\/li><li>Conf. univ. dr. Alexandru-Murad MIRONOV, Departamentul Rela\u021bii Interna\u021bionale \u0219i Istorie Universal\u0103, Facultatea de Istorie, Universitatea din Bucure\u0219ti<\/li><li>Conf. univ. dr. Ioan Carol OPRI\u0218, Departamentul Istorie Antic\u0103, Arheologie \u0219i Istoria Artei, Facultatea de Istorie, Universitatea di Bucure\u0219ti<\/li><li>Drd. Lilian CIACHIR, Coordonatorul Catedrei UNESCO pentru Interculturalitate, Bun\u0103 Guvernan\u021b\u0103 \u0219i Dezvoltare Durabil\u0103, Facultatea de Filosofie, Universitatea din Bucure\u0219ti<\/li><\/ul>\n\n\n\n<p class=\"wp-block-paragraph\"><strong>Comitetul \u0219tiin\u021bific<\/strong><\/p>\n\n\n\n<ul class=\"wp-block-list\"><li>Prof. univ. dr. Bogdan MURGESCU, Prorector Bugetare \u0219i Resurse Umane, Universitatea din Bucure\u0219ti<\/li><li>Conf. univ. dr. Valentin Sorin COSTREIE, Prorector Re\u021bele universitare \u0219i Rela\u021bii publice, Universitatea din Bucure\u0219ti<\/li><li>Conf. univ. dr. Florentina NI\u021aU, Decanul Facult\u0103\u021bii de Istorie, Universitatea din Bucure\u0219ti<\/li><li>Prof. univ. dr. Viorel VIZUREANU, Decanul Facult\u0103\u021bii de Filosofie, Universitatea din Bucure\u0219ti<\/li><li>Academician Prof. univ. dr. Mircea DUMITRU, Directorul \u0218colii Doctorale de Filosofie, Facultatea de Filosofie, Universitatea din Bucure\u0219ti<\/li><li>Conf. univ. Cristian Vasile IFTODE, Directorul Departamentului de Filosofie Practic\u0103 \u0219i Istoria Filosofiei, Facultatea de Filosofie, Universitatea din Bucure\u0219ti<\/li><li>Prof. univ. dr. Vasile Romulus BR\u00c2NCOVEANU, \u0218eful Catedrei UNESCO pentru Interculturalitate, Bun\u0103 Guvernan\u021b\u0103 \u0219i Dezvoltare Durabil\u0103, Facultatea de Filosofie, Universitatea din Bucure\u0219ti<\/li><li>Lect. univ. dr. Marin B\u0102LAN, Directorul Centrului de Formare, Facultatea de Filosofie, Universitatea din Bucure\u0219ti<\/li><li>Prof. univ. dr. Savu TOTU, Directorul Centrului de Cercetare a Istoriei Ideilor Filosofice, Facultatea de Filosofie, Universitatea din Bucure\u0219ti<\/li><li>Lect. univ. dr. Lauren\u021biu Marius GHEORGHE, Directorul Centrului pentru Studierea Ra\u0163ionalit\u0103\u0163ii \u015fi Credin\u0163elor, Facultatea de Filosofie, Universitatea din Bucure\u0219ti<\/li><li>Prof. univ. dr. Eudochia SAHARNEANU, Departamentul de Filosofie \u0219i Antropologie, Universitatea de Stat din Moldova<\/li><li>Prof. univ. dr. \u0218arolta SOLCAN, Departamentul Istoria Romanilor si a Sud-Estului European, Facultatea de Istorie, Universitatea di Bucure\u0219ti<\/li><li>Conf. univ. dr. Eugenia BOGATU, Departamentul de Filosofie \u0219i Antropologie, Universitatea de Stat din Moldova<\/li><li>Prof. univ. dr. Ion EREMIA, Departamentul Istoria Rom\u00e2nilor, Universal\u0103 \u0219i Arheologie, Universitatea de Stat din Moldova<\/li><li>Conf. univ. dr. Ion GUMEN\u00c2I, Institutul de Istorie, Academia de \u0218tiin\u021be a Moldovei<\/li><li>Conf. univ. dr. Ioan Carol OPRI\u0218, Departamentul Istorie Antic\u0103, Arheologie \u0219i Istoria Artei, Facultatea de Istorie, Universitatea di Bucure\u0219ti<\/li><\/ul>\n\n\n","protected":false},"excerpt":{"rendered":"<p>CfP: Conferin\u021bele Bucure\u0219ti-Chi\u0219in\u0103u, Edi\u021bia a III-a \u201eIdentitate, patrimoniu, globalizare\u201d &#8211; Facultatea de Filosofie (unibuc.ro) \u00cen data de 8 aprilie 2022, Facultatea de Filosofie \u0219i Facultatea de Istorie ale Universit\u0103\u021bii din Bucure\u0219ti \u0219i Facultatea de Istorie \u0219i Filosofie a Universit\u0103\u021bii de Stat din Moldova organizeaz\u0103, \u00een regim online, a treia edi\u021bie a seriei de Conferin\u021be Bucure\u0219ti-Chi\u0219in\u0103u&nbsp;cu [&hellip;]<\/p>\n","protected":false},"author":3,"featured_media":0,"comment_status":"closed","ping_status":"open","sticky":false,"template":"","format":"standard","meta":{"_crdt_document":"","jetpack_post_was_ever_published":false,"_jetpack_newsletter_access":"","_jetpack_dont_email_post_to_subs":false,"_jetpack_newsletter_tier_id":0,"_jetpack_memberships_contains_paywalled_content":false,"_jetpack_memberships_contains_paid_content":false,"footnotes":"","jetpack_publicize_message":"","jetpack_publicize_feature_enabled":true,"jetpack_social_post_already_shared":true,"jetpack_social_options":{"image_generator_settings":{"template":"highway","default_image_id":0,"font":"","enabled":false},"version":2}},"categories":[20,34,31,32,30],"tags":[],"class_list":["post-8759","post","type-post","status-publish","format-standard","hentry","category-anunturi","category-avizier","category-licenta-master","category-master","category-scoala-docorala"],"jetpack_publicize_connections":[],"jetpack_featured_media_url":"","jetpack_sharing_enabled":true,"jetpack_shortlink":"https:\/\/wp.me\/paobZd-2hh","jetpack-related-posts":[],"_links":{"self":[{"href":"https:\/\/istorie.unibuc.ro\/facultate\/wp-json\/wp\/v2\/posts\/8759","targetHints":{"allow":["GET"]}}],"collection":[{"href":"https:\/\/istorie.unibuc.ro\/facultate\/wp-json\/wp\/v2\/posts"}],"about":[{"href":"https:\/\/istorie.unibuc.ro\/facultate\/wp-json\/wp\/v2\/types\/post"}],"author":[{"embeddable":true,"href":"https:\/\/istorie.unibuc.ro\/facultate\/wp-json\/wp\/v2\/users\/3"}],"replies":[{"embeddable":true,"href":"https:\/\/istorie.unibuc.ro\/facultate\/wp-json\/wp\/v2\/comments?post=8759"}],"version-history":[{"count":3,"href":"https:\/\/istorie.unibuc.ro\/facultate\/wp-json\/wp\/v2\/posts\/8759\/revisions"}],"predecessor-version":[{"id":8781,"href":"https:\/\/istorie.unibuc.ro\/facultate\/wp-json\/wp\/v2\/posts\/8759\/revisions\/8781"}],"wp:attachment":[{"href":"https:\/\/istorie.unibuc.ro\/facultate\/wp-json\/wp\/v2\/media?parent=8759"}],"wp:term":[{"taxonomy":"category","embeddable":true,"href":"https:\/\/istorie.unibuc.ro\/facultate\/wp-json\/wp\/v2\/categories?post=8759"},{"taxonomy":"post_tag","embeddable":true,"href":"https:\/\/istorie.unibuc.ro\/facultate\/wp-json\/wp\/v2\/tags?post=8759"}],"curies":[{"name":"wp","href":"https:\/\/api.w.org\/{rel}","templated":true}]}}