{"id":860,"date":"2018-02-01T12:04:23","date_gmt":"2018-02-01T12:04:23","guid":{"rendered":""},"modified":"2018-10-28T17:47:07","modified_gmt":"2018-10-28T17:47:07","slug":"concurs-fiub-anul-1918-istoria-romanilor","status":"publish","type":"post","link":"https:\/\/istorie.unibuc.ro\/facultate\/2018\/02\/01\/concurs-fiub-anul-1918-istoria-romanilor\/","title":{"rendered":"Concurs FIUB &#8211; Anul 1918 \u00een istoria Rom\u00e2nilor"},"content":{"rendered":"\n<p> Pentru to?i elevii pasiona?i de istoria na?ional? dar ?i de cea personal?, a familiei sau a comunit??ii lor, Facultatea de Istorie organizeaz? \u00een perioada februarie-iunie 2018 un CONCURS, \u00een parteneriat cu Societatea de ?tiin?e Istorice din Rom\u00e2nia. <\/p>\n<p>Ne propunem \u00een felul acesta ca \u00een anul Centenarului s? canaliz?m energiile creative ?i dorin?a de cunoa?tere a elevilor c?tre un moment important pentru construc?ia ?i devenirea na?ional?, asupra c?ruia ne aplec?m cu respect dar ?i cu \u00eencrederea c? promovarea valorilor reprezint? singura cale spre un viitor care s? ne cuprind? pe to?i. <\/p>\n<p>Cei mai buni participan?i vor avea ocazia s? ajung? la Bucure?ti, unde timp de o s?pt?m\u00e2n? vor fi g?zdui?i de Facultatea de Istorie, vor avea ocazia s? cunoasc? profesorii ?i studen?ii, s? viziteze ora?ul ?i s? adune amintiri pre?ioase. <\/p>\n<p>G?si?i toate informa?iile necesare \u00een materialele de mai jos. <\/p>\n<p>Aten?ie, \u00een cur\u00e2nd, Facultatea de Istorie va lansa un nou concurs: \u201dCENTENAR VIZUAL\u201d. <\/p>\n<p>DETALII CONCURS TIP ESEU: <\/p>\n<p>Anul 1918 \u00een istoria Rom\u00e2nilor  <\/p>\n<p>Are ca scop implicarea elevilor \u00een studierea istoriei na?ionale a perioadei 1914-1918  <\/p>\n<p>Activit??ile organizate \u00eempreun? cu profesorii de istorie din \u00eenv???m\u00e2ntul preuniversitar ?i Societatea de ?tiin?e Istorice din Rom\u00e2nia constau \u00een:  <\/p>\n<p>&#8211; documentarea, identificarea metodelor de cercetare adecvate; <\/p>\n<p>&#8211; elaborarea la nivel local ?i jude?ean a unor eseuri tematice care s? reflecte tematica anun?at? (Anul 1918 \u00een istoria Rom\u00e2nilor); cercetarea poate s? vizeze o personalitate local?\/regional? cu rol semnificativ \u00een desf??urarea evenimentelor legate de realizarea Marii Uniri ?i\/sau R?zboiul Mondial (personalitate politic?, cultural?, militar?), poate s? prezinte un loc al memoriei reprezentativ pentru subiect ?i regiunea de provenien?? a elevului sau poate s? analizeze diversele momente reprezentative pentru Rom\u00e2nia ale anului 1918; alte detalii ?i recomand?ri privind aceste teme vor fi anun?ate pe site-ul www.istorie.unibuc.ro; <\/p>\n<p>&#8211; \u00een etapa a doua, c\u00e2?tig?torii de la nivel local ?i jude?ean sunt a?tepta?i la Facultatea de Istorie a Universit??ii din Bucure?ti, pentru a participa la faza na?ional? a concursului, care va consta \u00een verificarea cuno?tin?elor despre Marea Unire ?i Primul R?zboi Mondial ale elevilor participan?i. Evenimentul va fi organizat \u00een parteneriat cu Societatea de ?tiin?e Istorice din Rom\u00e2nia ?i profesorii din \u00eenv???m\u00e2ntul preuniversitar. <\/p>\n<p>Alte preciz?ri:  <\/p>\n<p>&#8211; se pot \u00eenscrie elevii din grupul ?int? clasa a VIII-a (numai elevi care \u00een iunie 2018 vor avea \u00eemplinit? v\u00e2rsta de 14 ani) &#8211; ?i clasele IX-XII; Nota bene: \u00centruc\u00e2t sesiunea na?ional? se suprapune cu bacalaureatul, \u00een func?ie de num?rul elevilor de clasa a XII-a \u00eenscri?i, calendarul va fi ajustat \u00een timp util.  <\/p>\n<p>&#8211; calendarul desf??ur?rii  <\/p>\n<p>&#8211; jurizarea ?i num?rul de locuri alocat fiec?rui jude?:  <\/p>\n<p>&#8211; la nivel local, profesorul asociat \u00een cadrul acestui proiect va selecta maxim 3 elevi; profesorul are libertatea de a selecta elevii \u00een func?ie de contribu?iile pe care le consider? cele mai relevante; <\/p>\n<p>&#8211; la nivel jude?ean se vor acorda premiile I-III ?i max. 5 men?iuni. Se vor califica pentru etapa na?ional? c\u00e2te un elev din fiecare jude? ?i o rezerv? (ocupantul locului 2). Al?turi de elevul c\u00e2?tig?tor va fi invitat la faza na?ional? desf??urat? la Bucure?ti ?i profesorul coordonator. Jurizarea la nivel jude?ean: <\/p>\n<p>&#8211; pre?edintele comisiei de jurizare va fi pre?edintele filialei jude?ene a S?IR-ului\/sau o persoan? desemnat? de acesta. \u00cen cazul \u00een care nu exist? o astfel de filial?, pre?edintele va fi delegat de c?tre S?IR ?i UB \u00een urma consult?rii cu Inspectoratul ?colar Jude?ean. <\/p>\n<p>&#8211; pre?edintele va dispune formarea unei comisii compus? din 3 membri, ale?i dintre profesorii de istorie care predau \u00een jude?ul respectiv. <\/p>\n<p>&#8211; vor fi \u00eentocmite fi?ele de jurizare pe care vor fi notate punctajele ob?inute de c?tre elevi. <\/p>\n<p> \u00cen jurizare se va ?ine cont de:  <\/p>\n<p>&#8211; originalitatea lucr?rii, gradul de noutate, modul de redactare, exprimarea opiniei personale, conexiunile f?cute de c?tre elev &#8211; 30 p. <\/p>\n<p>&#8211; metodele de cercetare utilizate &#8211; 15 p. <\/p>\n<p>&#8211; exprimarea: claritate, concizie, utilizarea termenilor istorici &#8211; 10 p. <\/p>\n<p>&#8211; utilizarea corect? a aparatului critic &#8211; 10 p. <\/p>\n<p> &#8211; utilizarea ?i interpretarea corect? a surselor &#8211; 15 p. &#8211; respectarea structurii clasice de prezentare (introducere, cuprins, concluzii, aparat critic, anexe)- 10 p. <\/p>\n<p>Se acord? 10 p. din oficiu. <\/p>\n<p>Dac? elevii doresc s? participe la ambele sec?iuni, o pot face.  <\/p>\n<p>Lucr?rile vor fi evaluate separat. Elevul va primi astfel dou? note, care nu se vor cumula.  <\/p>\n<p>Pentru profesori vor fi eliberate adeverin?e sau diplome pentru coordonare activit??i sau participare. Elevii vor primi diplome care s? ateste premiul ob?inut sau doar participarea, dup? cum este cazul.  <\/p>\n<p>Condi?ii de redactare a lucr?rilor:  <\/p>\n<p>&#8211; textul va fi redactat \u00een Word; cu Times New Roman 12, la 1\u00bd r\u00e2nduri, cu diacritice; <\/p>\n<p>&#8211; titlul comunic?rii: Times New Roman Bold Upper Case 14; <\/p>\n<p>&#8211; sub titlu vor fi notate numele ?i prenumele autorului ?i ?coala de provenien??; <\/p>\n<p>&#8211; lucrarea va avea un rezumat, scris pe prima pagin? (cca. 10 r\u00e2nduri), footnotes pentru cit?rile din text, indic\u00e2ndu-se prenumele ?i numele autorului, titlul lucr?rii, localitatea, editura, anul apari?iei, num?rul paginii; pentru alte tipuri de referin?e bibliografice (articole, volume de documente, pres?, surse de arhiv? etc), conform Ghidului de redactare care va fi postat pe pagina web a concursului; <\/p>\n<p>&#8211; la final se va trece bibliografia consultat?, minim trei titluri (c?r?i, articole, surse edite sau inedite); <\/p>\n<p>&#8211; lucrarea va avea max. 5 pagini \u00eempreun? cu bibliografia ?i va fi \u00eenso?it? de anexe (acte, documente, fotografii etc.). <\/p>\n<p>La nivel na?ional: concursul se va desf??ura la Universitatea din Bucure?ti &#8211; Facultatea de Istorie, se vor acorda c\u00e2te un premiu I-III, men?iuni ?i premii speciale; <\/p>\n<p>&#8211; juriul va cuprinde profesori de \u00eenv???m\u00e2ntul universitar ?i preuniversitar, din diverse zone ale ??rii care vor fi desemna?i prin consultarea dintre S?IR ?i Facultatea de Istorie, <\/p>\n<p>&#8211; pre?edintele juriului va fi Decanul Facult??ii de Istorie; <\/p>\n<p>&#8211; un num?r de 41 de c\u00e2?tig?tori jude?eni ?i patru din Bucure?ti vor participa la Tab?ra Centenar desf??urat? \u00een luna iulie\/august 2018; profesorii elevilor premia?i la nivel na?ional premiile I-III pot participa la tab?ra de var?; prin tragere la sor?i al?i doi profesori care au avut elevi \u00eenscri?i \u00een fazele locale, jude?ene vor fi desemna?i s? participe la tab?ra de var?; <\/p>\n<p>&#8211; \u00een cadrul etapei na?ionale va fi organizat? ?i o Dezbatere cu tema: \u201e\u00cenv???m\u00e2ntul rom\u00e2nesc preuniversitar \u00een contextual Centenarului\u201d. Vor participa la dezbatere profesorii \u00eenso?itori ai elevilor prezen?i la etapa na?ional? precum ?i responsabilii locali ?i regionali ai concursului.  <\/p>\n<p>Tematica dezbaterii: activit??ile curriculare ?i extracurriculare desf??urate, experien?e pozitive\/experien?e negative; propuneri de proiecte; propuneri \u00een vederea ridic?rii calit??ii \u00eenv???m\u00e2ntului preuniversitar etc.  <\/p>\n<p>Cazarea ?i masa vor fi asigurate de Universitatea din Bucure?ti.  <\/p>\n<p>Precizare important? pentru profesorii participan?i:  <\/p>\n<p>Profesorii ai c?ror elevi vor fi desemna?i c\u00e2?tig?tori la nivel jude?ean (premiul I) ?i implicit vor intra \u00een faza na?ional? a proiectului vor primi adeverin?? de membri ai echipei na?ionale de proiecte, dar ?i alte premii. To?i profesorii vor primi diplom? de participare \u00een cadrul proiectului S?IR, precum ?i adeverin?? de membri ai echipei jude?ene a proiectului. <\/p>\n<p>Calendar <\/p>\n<p>&#8211; 17 februarie \u2013 2 aprilie 2018: instruirea, preg?tirea teoretic? ?i selec?ia elevilor care vor fi desemna?i s? participe la competi?ia de nivel jude?ean; <\/p>\n<p>&#8211; 15-25 aprilie 2018: transmiterea la nivel jude?ean a lucr?rilor care vor intra \u00een competi?ia jude?ean?; <\/p>\n<p>&#8211; 26 aprilie \u2013 10 mai 2018: jurizarea ?i transmiterea la nivel na?ional a c\u00e2?tig?torilor jude?eni; <\/p>\n<p>&#8211; 10 mai 2018: publicarea pe site-ul S?IR\/ al U.B. a rezultatelor concursurilor jude?ene; <\/p>\n<p>&#8211; 10 mai -15 iunie 2018: preg?tirea teoretic? pentru etapa na?ional?; <\/p>\n<p>&#8211; 25-29 iunie 2018: sus?inerea concursului na?ional la Facultatea de Istorie din cadrul Universit??ii din Bucure?ti (ziua va fi stabilit? ulterior) ?i publicarea pe site-ul S?IR\/UB a rezultatelor; <\/p>\n<p>&#8211; 25-29 iunie 2018: premierea la Universitatea Bucure?ti a c\u00e2?tig?torilor concursurilor \u2013 (participan?ii ?i profesorii acestora); <\/p>\n<p>&#8211; iulie \u2013 august 2018: participarea elevilor c\u00e2?tig?tori \u00een cadrul Taberei de var? Centenar; <\/p>\n<p>Nota bene: detaliile ?i data desf??ur?rii Taberei de Var? vor fi comunicate ?i depind de semnarea \u00een lunile ianuarie-martie 2018 a acordului cadru cu Ministerul Tineretului ?i Sportului. <\/p>\n<p>Ghid Familia Mea in Timpul Primului Razboi Mondial si Marii Uniri<\/p>\n<p>Calendar<\/p>\n<p>Afis proiect<\/p>\n<p>Comunicat de presa<\/p>\n","protected":false},"excerpt":{"rendered":"<p>\u00a0Pentru to?i elevii pasiona?i de istoria na?ional? dar ?i de cea personal?, a familiei sau a comunit??ii lor, Facultatea de Istorie organizeaz? \u00een perioada februarie-iunie 2018 un CONCURS, \u00een parteneriat cu Societatea de ?tiin?e Istorice din Rom\u00e2nia.<\/p>\n","protected":false},"author":2,"featured_media":0,"comment_status":"closed","ping_status":"closed","sticky":false,"template":"","format":"standard","meta":{"_crdt_document":"","jetpack_post_was_ever_published":false,"_jetpack_newsletter_access":"","_jetpack_dont_email_post_to_subs":false,"_jetpack_newsletter_tier_id":0,"_jetpack_memberships_contains_paywalled_content":false,"_jetpack_memberships_contains_paid_content":false,"footnotes":"","jetpack_publicize_message":"","jetpack_publicize_feature_enabled":true,"jetpack_social_post_already_shared":false,"jetpack_social_options":{"image_generator_settings":{"template":"highway","default_image_id":0,"font":"","enabled":false},"version":2}},"categories":[20],"tags":[],"class_list":["post-860","post","type-post","status-publish","format-standard","hentry","category-anunturi"],"jetpack_publicize_connections":[],"jetpack_featured_media_url":"","jetpack_sharing_enabled":true,"jetpack_shortlink":"https:\/\/wp.me\/paobZd-dS","jetpack-related-posts":[],"_links":{"self":[{"href":"https:\/\/istorie.unibuc.ro\/facultate\/wp-json\/wp\/v2\/posts\/860","targetHints":{"allow":["GET"]}}],"collection":[{"href":"https:\/\/istorie.unibuc.ro\/facultate\/wp-json\/wp\/v2\/posts"}],"about":[{"href":"https:\/\/istorie.unibuc.ro\/facultate\/wp-json\/wp\/v2\/types\/post"}],"author":[{"embeddable":true,"href":"https:\/\/istorie.unibuc.ro\/facultate\/wp-json\/wp\/v2\/users\/2"}],"replies":[{"embeddable":true,"href":"https:\/\/istorie.unibuc.ro\/facultate\/wp-json\/wp\/v2\/comments?post=860"}],"version-history":[{"count":1,"href":"https:\/\/istorie.unibuc.ro\/facultate\/wp-json\/wp\/v2\/posts\/860\/revisions"}],"predecessor-version":[{"id":895,"href":"https:\/\/istorie.unibuc.ro\/facultate\/wp-json\/wp\/v2\/posts\/860\/revisions\/895"}],"wp:attachment":[{"href":"https:\/\/istorie.unibuc.ro\/facultate\/wp-json\/wp\/v2\/media?parent=860"}],"wp:term":[{"taxonomy":"category","embeddable":true,"href":"https:\/\/istorie.unibuc.ro\/facultate\/wp-json\/wp\/v2\/categories?post=860"},{"taxonomy":"post_tag","embeddable":true,"href":"https:\/\/istorie.unibuc.ro\/facultate\/wp-json\/wp\/v2\/tags?post=860"}],"curies":[{"name":"wp","href":"https:\/\/api.w.org\/{rel}","templated":true}]}}