{"id":7300,"date":"2021-07-11T20:34:58","date_gmt":"2021-07-11T20:34:58","guid":{"rendered":"https:\/\/istorie.unibuc.ro\/?p=7300"},"modified":"2021-07-11T20:35:02","modified_gmt":"2021-07-11T20:35:02","slug":"testimonial-anna-maria-anghel-anul-i-licenta","status":"publish","type":"post","link":"https:\/\/istorie.unibuc.ro\/facultate\/2021\/07\/11\/testimonial-anna-maria-anghel-anul-i-licenta\/","title":{"rendered":"Testimonial-Anna-Maria Anghel, anul I, licen\u021ba"},"content":{"rendered":"\n<p class=\"wp-block-paragraph\">\u00cenc\u0103 din liceu am considerat c\u0103 Facultatea de Istorie din cadrul Universit\u0103\u021bii din Bucure\u0219ti este un mediu propice dezvolt\u0103rii mele \u0219i parcursului meu academic. Am ales s\u0103 urmez sec\u021bia de Rela\u021bii Interna\u021bionale \u0219i Studii Europene, unde istoria se \u00eemplete\u0219te cu scena politicii externe \u00eentr-un mod unic. Facultatea de Istorie este locul potrivit pentru oamenii \u00eenseta\u021bi de cunoa\u0219tere, care creioneaz\u0103 prin prisma diferitelor perspective istorice noi experien\u021be. Aici am cunoscut at\u00e2t profesori dedica\u021bi pasiunii lor, c\u00e2t \u0219i colegi care sunt dornici s\u0103 descopere c\u00e2te ceva nou. \u201eCe vei face cu via\u021ba ta dup\u0103 facultate?\u201d este \u00eentrebarea care st\u0103 pe buzele tuturor, \u00eens\u0103 ceea ce v\u0103 pot spune este c\u0103 oportunit\u0103\u021bile se pot crea \u00een orice \u00eemprejurare. Recomand din suflet aceast\u0103 facultate, deoarece este locul unde \u021bi-ai dori s\u0103-\u021bi petreci studen\u021bia. Ideea care st\u0103 la baza motiva\u021biei este, de fapt, s\u0103 nu \u00ee\u021bi ui\u021bi obiectivul \u0219i s\u0103 continui s\u0103 munce\u0219ti p\u00e2n\u0103 \u00eel vezi \u00eemplinit.<\/p>\n","protected":false},"excerpt":{"rendered":"<p>\u00cenc\u0103 din liceu am considerat c\u0103 Facultatea de Istorie din cadrul Universit\u0103\u021bii din Bucure\u0219ti este un mediu propice dezvolt\u0103rii mele \u0219i parcursului meu academic. Am ales s\u0103 urmez sec\u021bia de Rela\u021bii Interna\u021bionale \u0219i Studii Europene, unde istoria se \u00eemplete\u0219te cu scena politicii externe \u00eentr-un mod unic. Facultatea de Istorie este locul potrivit pentru oamenii \u00eenseta\u021bi [&hellip;]<\/p>\n","protected":false},"author":7,"featured_media":7301,"comment_status":"closed","ping_status":"open","sticky":false,"template":"","format":"standard","meta":{"_crdt_document":"","jetpack_post_was_ever_published":false,"_jetpack_newsletter_access":"","_jetpack_dont_email_post_to_subs":false,"_jetpack_newsletter_tier_id":0,"_jetpack_memberships_contains_paywalled_content":false,"_jetpack_memberships_contains_paid_content":false,"footnotes":"","jetpack_publicize_message":"","jetpack_publicize_feature_enabled":true,"jetpack_social_post_already_shared":true,"jetpack_social_options":{"image_generator_settings":{"template":"highway","default_image_id":0,"font":"","enabled":false},"version":2}},"categories":[22],"tags":[],"class_list":["post-7300","post","type-post","status-publish","format-standard","has-post-thumbnail","hentry","category-ce-spun-studentii-nostri"],"jetpack_publicize_connections":[],"jetpack_featured_media_url":"https:\/\/i0.wp.com\/istorie.unibuc.ro\/wp-content\/uploads\/2021\/07\/Francesca-Anghel-Testimonial-EDITAT-scaled.jpg?fit=1809%2C2560&ssl=1","jetpack_sharing_enabled":true,"jetpack_shortlink":"https:\/\/wp.me\/paobZd-1TK","jetpack-related-posts":[],"_links":{"self":[{"href":"https:\/\/istorie.unibuc.ro\/facultate\/wp-json\/wp\/v2\/posts\/7300","targetHints":{"allow":["GET"]}}],"collection":[{"href":"https:\/\/istorie.unibuc.ro\/facultate\/wp-json\/wp\/v2\/posts"}],"about":[{"href":"https:\/\/istorie.unibuc.ro\/facultate\/wp-json\/wp\/v2\/types\/post"}],"author":[{"embeddable":true,"href":"https:\/\/istorie.unibuc.ro\/facultate\/wp-json\/wp\/v2\/users\/7"}],"replies":[{"embeddable":true,"href":"https:\/\/istorie.unibuc.ro\/facultate\/wp-json\/wp\/v2\/comments?post=7300"}],"version-history":[{"count":1,"href":"https:\/\/istorie.unibuc.ro\/facultate\/wp-json\/wp\/v2\/posts\/7300\/revisions"}],"predecessor-version":[{"id":7302,"href":"https:\/\/istorie.unibuc.ro\/facultate\/wp-json\/wp\/v2\/posts\/7300\/revisions\/7302"}],"wp:featuredmedia":[{"embeddable":true,"href":"https:\/\/istorie.unibuc.ro\/facultate\/wp-json\/wp\/v2\/media\/7301"}],"wp:attachment":[{"href":"https:\/\/istorie.unibuc.ro\/facultate\/wp-json\/wp\/v2\/media?parent=7300"}],"wp:term":[{"taxonomy":"category","embeddable":true,"href":"https:\/\/istorie.unibuc.ro\/facultate\/wp-json\/wp\/v2\/categories?post=7300"},{"taxonomy":"post_tag","embeddable":true,"href":"https:\/\/istorie.unibuc.ro\/facultate\/wp-json\/wp\/v2\/tags?post=7300"}],"curies":[{"name":"wp","href":"https:\/\/api.w.org\/{rel}","templated":true}]}}