{"id":4725,"date":"2020-09-28T05:45:34","date_gmt":"2020-09-28T05:45:34","guid":{"rendered":"https:\/\/istorie.unibuc.ro\/?p=4725"},"modified":"2020-09-28T05:45:35","modified_gmt":"2020-09-28T05:45:35","slug":"anunt-programul-cazare-alternativa-destinat-studentilor-universitatii-din-bucuresti","status":"publish","type":"post","link":"https:\/\/istorie.unibuc.ro\/facultate\/2020\/09\/28\/anunt-programul-cazare-alternativa-destinat-studentilor-universitatii-din-bucuresti\/","title":{"rendered":"Anun\u021b programul \u201eCAZARE ALTERNATIV\u0102\u201d  destinat studen\u021bilor Universit\u0103\u021bii din Bucure\u0219ti"},"content":{"rendered":"\n<p class=\"wp-block-paragraph\">Departamentul de Consiliere \u0219i Orientare pentru Cariera, din cadrul Universitatii din Bucure\u0219ti, deruleaza, \u00een perioada <strong>21 septembrie -05 octombrie 2020<\/strong>, programul &#8222;<strong>CAZARE ALTERNATIV<\/strong>\u0102&#8221;, program adresat studen\u021bilor U.B. Proiectul vizeaza centralizarea ofertelor de cazare din partea proprietarilor particulari de imobiie \u0219i medierea informa\u021biei \u00eentre studen\u021bi \u0219i proprietari. Serviciul vine \u00een sprijinul studen\u021bilor, punandu-le la dispozi\u021bie baza de date cu oferte de cazare in imobile particulare (c\u0103mine private).<\/p>\n\n\n\n<p class=\"wp-block-paragraph\">Studentii au acces la cazare prin completarea unei <strong>CERERI DE ASISTEN\u021a\u0102<\/strong>, la <strong>sediul DCOC<\/strong>, \u00een perioada 21 septembrie &#8211; 05 octombrie 2020. Studen\u021bii care doresc s\u0103 se cazeze \u00een <strong>Caminele ARCCA<\/strong>, pot completa cererea de asistenta \u0219i direct la Oficiile de cazare din campusurile ARCCA.<\/p>\n\n\n\n<p class=\"wp-block-paragraph\">\u00a0Informa\u021bii suplimentare pot fi ob\u021binute la <strong>telefon 021.315.80.93<\/strong>, sau direct de la <strong>sediul DCOC<\/strong>: Bd. Mihail Kogalniceanu, nr. 36-46, c\u0103min &#8222;Mihail Kogalniceanu&#8221;, corp B, etaj 2, sala de lectura, sector 5, Bucure\u0219ti. Programul cu publicul, \u00een perioada men\u021bionat\u0103, este de <strong>Iuni p\u00e2n\u0103 vineri<\/strong>, \u00eentre orele <strong>10,00-14,00<\/strong>.<\/p>\n\n\n\n<div class=\"wp-block-file\"><a href=\"https:\/\/istorie.unibuc.ro\/wp-content\/uploads\/2020\/09\/Adresa-Cazare-Alternativa-semnata.pdf\">Adresa-Cazare-Alternativa-semnata<\/a><a href=\"https:\/\/istorie.unibuc.ro\/wp-content\/uploads\/2020\/09\/Adresa-Cazare-Alternativa-semnata.pdf\" class=\"wp-block-file__button\" download>Descarc\u0103<\/a><\/div>\n\n\n\n<div class=\"wp-block-file\"><a href=\"https:\/\/istorie.unibuc.ro\/wp-content\/uploads\/2020\/09\/anunt-studenti-C.-A.-2020.pdf\">anunt-studenti-C.-A.-2020<\/a><a href=\"https:\/\/istorie.unibuc.ro\/wp-content\/uploads\/2020\/09\/anunt-studenti-C.-A.-2020.pdf\" class=\"wp-block-file__button\" download>Descarc\u0103<\/a><\/div>\n\n\n\n<div class=\"wp-block-file\"><a href=\"https:\/\/istorie.unibuc.ro\/wp-content\/uploads\/2020\/09\/cerere-cazare-2020.pdf\">cerere-cazare-2020<\/a><a href=\"https:\/\/istorie.unibuc.ro\/wp-content\/uploads\/2020\/09\/cerere-cazare-2020.pdf\" class=\"wp-block-file__button\" download>Descarc\u0103<\/a><\/div>\n\n\n\n<div class=\"wp-block-file\"><a href=\"https:\/\/istorie.unibuc.ro\/wp-content\/uploads\/2020\/09\/cerere-cazare-2020.docx\">cerere-cazare-2020<\/a><a href=\"https:\/\/istorie.unibuc.ro\/wp-content\/uploads\/2020\/09\/cerere-cazare-2020.docx\" class=\"wp-block-file__button\" download>Descarc\u0103<\/a><\/div>\n","protected":false},"excerpt":{"rendered":"<p>Departamentul de Consiliere \u0219i Orientare pentru Cariera, din cadrul Universitatii din Bucure\u0219ti, deruleaza, \u00een perioada 21 septembrie -05 octombrie 2020, programul &#8222;CAZARE ALTERNATIV\u0102&#8221;, program adresat studen\u021bilor U.B. Proiectul vizeaza centralizarea ofertelor de cazare din partea proprietarilor particulari de imobiie \u0219i medierea informa\u021biei \u00eentre studen\u021bi \u0219i proprietari. Serviciul vine \u00een sprijinul studen\u021bilor, punandu-le la dispozi\u021bie baza [&hellip;]<\/p>\n","protected":false},"author":7,"featured_media":0,"comment_status":"closed","ping_status":"open","sticky":false,"template":"","format":"standard","meta":{"_crdt_document":"","jetpack_post_was_ever_published":false,"_jetpack_newsletter_access":"","_jetpack_dont_email_post_to_subs":false,"_jetpack_newsletter_tier_id":0,"_jetpack_memberships_contains_paywalled_content":false,"_jetpack_memberships_contains_paid_content":false,"footnotes":"","jetpack_publicize_message":"","jetpack_publicize_feature_enabled":true,"jetpack_social_post_already_shared":true,"jetpack_social_options":{"image_generator_settings":{"template":"highway","default_image_id":0,"font":"","enabled":false},"version":2}},"categories":[34,1],"tags":[],"class_list":["post-4725","post","type-post","status-publish","format-standard","hentry","category-avizier","category-fara-categorie"],"jetpack_publicize_connections":[],"jetpack_featured_media_url":"","jetpack_sharing_enabled":true,"jetpack_shortlink":"https:\/\/wp.me\/paobZd-1ed","jetpack-related-posts":[],"_links":{"self":[{"href":"https:\/\/istorie.unibuc.ro\/facultate\/wp-json\/wp\/v2\/posts\/4725","targetHints":{"allow":["GET"]}}],"collection":[{"href":"https:\/\/istorie.unibuc.ro\/facultate\/wp-json\/wp\/v2\/posts"}],"about":[{"href":"https:\/\/istorie.unibuc.ro\/facultate\/wp-json\/wp\/v2\/types\/post"}],"author":[{"embeddable":true,"href":"https:\/\/istorie.unibuc.ro\/facultate\/wp-json\/wp\/v2\/users\/7"}],"replies":[{"embeddable":true,"href":"https:\/\/istorie.unibuc.ro\/facultate\/wp-json\/wp\/v2\/comments?post=4725"}],"version-history":[{"count":1,"href":"https:\/\/istorie.unibuc.ro\/facultate\/wp-json\/wp\/v2\/posts\/4725\/revisions"}],"predecessor-version":[{"id":4730,"href":"https:\/\/istorie.unibuc.ro\/facultate\/wp-json\/wp\/v2\/posts\/4725\/revisions\/4730"}],"wp:attachment":[{"href":"https:\/\/istorie.unibuc.ro\/facultate\/wp-json\/wp\/v2\/media?parent=4725"}],"wp:term":[{"taxonomy":"category","embeddable":true,"href":"https:\/\/istorie.unibuc.ro\/facultate\/wp-json\/wp\/v2\/categories?post=4725"},{"taxonomy":"post_tag","embeddable":true,"href":"https:\/\/istorie.unibuc.ro\/facultate\/wp-json\/wp\/v2\/tags?post=4725"}],"curies":[{"name":"wp","href":"https:\/\/api.w.org\/{rel}","templated":true}]}}