{"id":3893,"date":"2020-05-13T09:11:25","date_gmt":"2020-05-13T09:11:25","guid":{"rendered":"https:\/\/istorie.unibuc.ro\/?p=3893"},"modified":"2020-06-05T09:38:08","modified_gmt":"2020-06-05T09:38:08","slug":"testimonial-viorica-gavril-anul-1-master","status":"publish","type":"post","link":"https:\/\/istorie.unibuc.ro\/facultate\/2020\/05\/13\/testimonial-viorica-gavril-anul-1-master\/","title":{"rendered":"Testimonial-Viorica Gavril, anul 1, master"},"content":{"rendered":"\n<p class=\"wp-block-paragraph\">M\u0103 numesc Gavril Viorica \u0219i sunt student\u0103 \u00een ultimul an la Masterul de Experimente ale Modernit\u0103\u021bii din cadrul Facult\u0103\u021bii de Istorie. Am intrat la Facultatea de Istorie din dorin\u021ba de a continua seria de pove\u0219ti cu care mi-am \u00eenfrumuse\u021bat anii de liceu. Pe b\u0103ncile liceului am \u00eenceput s\u0103 descifrez tainele istoriei printr-un joc de puzzele pe care \u00eel aducea \u00een fa\u021ba noastr\u0103 profesorul de istorie la fiecare or\u0103. Lec\u021biile nu erau o sum\u0103 de date \u0219i de evenimente, acestea se transformau \u00een piese care trebuiau unite \u00eentre ele pentru a forma o poveste.<\/p>\n\n\n\n<p class=\"wp-block-paragraph\">Odat\u0103 ce am ajuns la Facultatea de Istorie, am \u00een\u021beles \u00eenc\u0103 de la primele cursuri din anul I c\u0103 sunt atras\u0103 de aspectele ce \u021bin de istoria cultural\u0103, de leg\u0103turile dintre istorie \u0219i literatur\u0103, de mentalit\u0103\u021bile \u0219i lianturile care unesc popoarele peste timp \u0219i peste grani\u021bele geografice. Acest interes s-a accentuat \u00een anul II de licen\u021b\u0103 c\u00e2nd am p\u0103\u0219it cu pa\u0219i timizi \u00een lumea Imperiului Otoman, mai \u00eent\u00e2i prin intermediul seminariilor de paleografie turco-osman\u0103, iar mai apoi la seminariile de la cursul general privind istoria otoman\u0103. Am absorbit precum un burete fiecare prelegere, fiecare liter\u0103 arab\u0103 desenat\u0103 str\u00e2mb \u00een caietul de matematic\u0103 \u0219i am \u00een\u021beles c\u0103 \u00eemi doresc mai mult, \u00eemi doresc s\u0103 \u00een\u021beleg cultura, mentalit\u0103\u021bile \u0219i civiliza\u021bia otoman\u0103. La recomandarea doamnei profesoare Silvana Rachieru am explorat literatura turc\u0103 contemporan\u0103, \u00een special, universul scrierilor lui Orhan Pamuk. Astfel, la sf\u00e2r\u0219itul anului II, dup\u0103 ce am tocit paginile romanului <em>M\u0103 numesc Ro\u0219u<\/em> semnat de c\u0103tre laureatul Premiului Nobel mai sus men\u021bionat, m-am g\u00e2ndit ce ar fi dac\u0103 a\u0219 combina istoria cu literatura pentru a cerceta perspectiva scriitorului Orhan Pamuk asupra istoriei otomane. Ideea mea s-a putut transforma \u00eentr-o analiz\u0103 de aproximativ 100 de pagini numai prin sprijinul \u0219i \u00eencrederea oferit\u0103 de c\u0103tre coordonatorul meu, doamna conf.dr. Silvana Rachieru, care m-a \u00eencurajat s\u0103 ies din tiparul istoriei politice, economice, militare \u0219i s\u0103 for\u021bez limitele cercet\u0103rii printr-o analiz\u0103 interdisciplinar\u0103. Prin urmare, \u00eenarmat\u0103 cu toate c\u0103r\u021bile lui Orhan Pamuk, traduse \u00een limba rom\u00e2n\u0103, am petrecut prima mea experien\u021b\u0103 \u00een realizarea unei lucr\u0103ri de specialitate, cercetare care mi-a oferit oportunitatea de a m\u0103 apropia de istoria Imperiul Otoman, de a \u00een\u021belege mentalitatea turc\u0103 contemporan\u0103 \u0219i sciziunile de la nivelul societ\u0103\u021bii dintre modernitate \u0219i conservatorism, dintre laic \u0219i religios, dintre mirajul Occidentului \u0219i tradi\u021bia otoman\u0103 islamic\u0103.<\/p>\n\n\n\n<p class=\"wp-block-paragraph\">Cu alte cuvinte, experien\u021ba mea \u00een calitate de student al Facult\u0103\u021bii de Istorie a fost caracterizat\u0103 at\u00e2t de g\u0103sirea unui cadru academic potrivit dezvolt\u0103rii mele \u0219tiin\u021bifice, c\u00e2t \u0219i de mentori care mi-au permis s\u0103 str\u0103bat drumuri mai pu\u021bin b\u0103t\u0103torite ca s\u0103 \u00eemi dezvolt ideile \u0219i pasiunile, toate av\u00e2nd ca punct comun ISTORIA.<\/p>\n","protected":false},"excerpt":{"rendered":"<p>M\u0103 numesc Gavril Viorica \u0219i sunt student\u0103 \u00een ultimul an la Masterul de Experimente ale Modernit\u0103\u021bii din cadrul Facult\u0103\u021bii de Istorie. Am intrat la Facultatea de Istorie din dorin\u021ba de a continua seria de pove\u0219ti cu care mi-am \u00eenfrumuse\u021bat anii de liceu. Pe b\u0103ncile liceului am \u00eenceput s\u0103 descifrez tainele istoriei printr-un joc de puzzele [&hellip;]<\/p>\n","protected":false},"author":7,"featured_media":3894,"comment_status":"closed","ping_status":"open","sticky":false,"template":"","format":"standard","meta":{"_crdt_document":"","jetpack_post_was_ever_published":false,"_jetpack_newsletter_access":"","_jetpack_dont_email_post_to_subs":false,"_jetpack_newsletter_tier_id":0,"_jetpack_memberships_contains_paywalled_content":false,"_jetpack_memberships_contains_paid_content":false,"footnotes":"","jetpack_publicize_message":"","jetpack_publicize_feature_enabled":true,"jetpack_social_post_already_shared":true,"jetpack_social_options":{"image_generator_settings":{"template":"highway","default_image_id":0,"font":"","enabled":false},"version":2}},"categories":[34,22],"tags":[],"class_list":["post-3893","post","type-post","status-publish","format-standard","has-post-thumbnail","hentry","category-avizier","category-ce-spun-studentii-nostri"],"jetpack_publicize_connections":[],"jetpack_featured_media_url":"https:\/\/i0.wp.com\/istorie.unibuc.ro\/wp-content\/uploads\/2020\/05\/Gavril-Viorica-Master-Experimente-ale-Modernit%C4%83%C8%9Bii-Anul-II.jpg?fit=1600%2C1298&ssl=1","jetpack_sharing_enabled":true,"jetpack_shortlink":"https:\/\/wp.me\/paobZd-10N","jetpack-related-posts":[],"_links":{"self":[{"href":"https:\/\/istorie.unibuc.ro\/facultate\/wp-json\/wp\/v2\/posts\/3893","targetHints":{"allow":["GET"]}}],"collection":[{"href":"https:\/\/istorie.unibuc.ro\/facultate\/wp-json\/wp\/v2\/posts"}],"about":[{"href":"https:\/\/istorie.unibuc.ro\/facultate\/wp-json\/wp\/v2\/types\/post"}],"author":[{"embeddable":true,"href":"https:\/\/istorie.unibuc.ro\/facultate\/wp-json\/wp\/v2\/users\/7"}],"replies":[{"embeddable":true,"href":"https:\/\/istorie.unibuc.ro\/facultate\/wp-json\/wp\/v2\/comments?post=3893"}],"version-history":[{"count":1,"href":"https:\/\/istorie.unibuc.ro\/facultate\/wp-json\/wp\/v2\/posts\/3893\/revisions"}],"predecessor-version":[{"id":3895,"href":"https:\/\/istorie.unibuc.ro\/facultate\/wp-json\/wp\/v2\/posts\/3893\/revisions\/3895"}],"wp:featuredmedia":[{"embeddable":true,"href":"https:\/\/istorie.unibuc.ro\/facultate\/wp-json\/wp\/v2\/media\/3894"}],"wp:attachment":[{"href":"https:\/\/istorie.unibuc.ro\/facultate\/wp-json\/wp\/v2\/media?parent=3893"}],"wp:term":[{"taxonomy":"category","embeddable":true,"href":"https:\/\/istorie.unibuc.ro\/facultate\/wp-json\/wp\/v2\/categories?post=3893"},{"taxonomy":"post_tag","embeddable":true,"href":"https:\/\/istorie.unibuc.ro\/facultate\/wp-json\/wp\/v2\/tags?post=3893"}],"curies":[{"name":"wp","href":"https:\/\/api.w.org\/{rel}","templated":true}]}}