{"id":3368,"date":"2020-04-24T10:04:52","date_gmt":"2020-04-24T10:04:52","guid":{"rendered":"https:\/\/istorie.unibuc.ro\/?p=3368"},"modified":"2020-06-05T09:44:37","modified_gmt":"2020-06-05T09:44:37","slug":"conferinta-nationala-a-scolii-doctorale-de-istorie-universitatea-din-bucuresti","status":"publish","type":"post","link":"https:\/\/istorie.unibuc.ro\/facultate\/2020\/04\/24\/conferinta-nationala-a-scolii-doctorale-de-istorie-universitatea-din-bucuresti\/","title":{"rendered":"Conferin\u021ba Na\u021bional\u0103 a \u0218colii Doctorale de Istorie, Universitatea din Bucure\u0219ti"},"content":{"rendered":"\n<div class=\"wp-block-image\"><figure class=\"alignright is-resized\"><img loading=\"lazy\" decoding=\"async\" data-attachment-id=\"3372\" data-permalink=\"https:\/\/istorie.unibuc.ro\/facultate\/2020\/04\/24\/conferinta-nationala-a-scolii-doctorale-de-istorie-universitatea-din-bucuresti\/untitled2\/\" data-orig-file=\"https:\/\/i0.wp.com\/istorie.unibuc.ro\/wp-content\/uploads\/2020\/01\/Untitled2.png?fit=1007%2C1419&amp;ssl=1\" data-orig-size=\"1007,1419\" data-comments-opened=\"0\" data-image-meta=\"{&quot;aperture&quot;:&quot;0&quot;,&quot;credit&quot;:&quot;&quot;,&quot;camera&quot;:&quot;&quot;,&quot;caption&quot;:&quot;&quot;,&quot;created_timestamp&quot;:&quot;0&quot;,&quot;copyright&quot;:&quot;&quot;,&quot;focal_length&quot;:&quot;0&quot;,&quot;iso&quot;:&quot;0&quot;,&quot;shutter_speed&quot;:&quot;0&quot;,&quot;title&quot;:&quot;&quot;,&quot;orientation&quot;:&quot;0&quot;}\" data-image-title=\"Untitled2\" data-image-description=\"\" data-image-caption=\"\" data-large-file=\"https:\/\/i0.wp.com\/istorie.unibuc.ro\/wp-content\/uploads\/2020\/01\/Untitled2.png?fit=727%2C1024&amp;ssl=1\" src=\"https:\/\/i1.wp.com\/istorie.unibuc.ro\/wp-content\/uploads\/2020\/01\/Untitled2.png?fit=640%2C901&amp;ssl=1\" alt=\"\" class=\"wp-image-3372\" width=\"247\" height=\"348\" srcset=\"https:\/\/i0.wp.com\/istorie.unibuc.ro\/wp-content\/uploads\/2020\/01\/Untitled2.png?w=1007&amp;ssl=1 1007w, https:\/\/i0.wp.com\/istorie.unibuc.ro\/wp-content\/uploads\/2020\/01\/Untitled2.png?resize=213%2C300&amp;ssl=1 213w, https:\/\/i0.wp.com\/istorie.unibuc.ro\/wp-content\/uploads\/2020\/01\/Untitled2.png?resize=768%2C1082&amp;ssl=1 768w, https:\/\/i0.wp.com\/istorie.unibuc.ro\/wp-content\/uploads\/2020\/01\/Untitled2.png?resize=727%2C1024&amp;ssl=1 727w\" sizes=\"auto, (max-width: 247px) 100vw, 247px\" \/><\/figure><\/div>\n\n\n\n<p class=\"wp-block-paragraph\">\u0218coala Doctoral\u0103 a\nFacult\u0103\u021bii de Istorie, Universitatea din Bucure\u0219ti, are pl\u0103cerea de a v\u0103 invita\nla Conferin\u021ba Na\u021bional\u0103 a \u0218colii Doctorale, cu tema <strong><em>Provoc\u0103ri \u0219i\nperspective \u00een cercetarea doctoral\u0103<\/em>.<\/strong><\/p>\n\n\n\n<p class=\"wp-block-paragraph\">Conferin\u021ba se va\ndesf\u0103\u0219ura \u00een perioada 24-25 aprilie 2020 la Facultatea de Istorie,\nUniversitatea din Bucure\u0219ti (Bd. Regina Elisabeta 4 -12).<\/p>\n\n\n\n<p class=\"wp-block-paragraph\">Doctoranzii dornici s\u0103-\u0219i prezinte rezultatele propriilor cercet\u0103ri \u00een domeniul istoriei, filosofiei, teologiei, arheologiei \u0219i rela\u021biilor interna\u021bionale sunt a\u0219tepta\u021bi s\u0103 se \u00eenscrie la una dintre categoriile Preistorie \u0219i Antichitate, Evul Mediu, Istorie Modern\u0103, Istorie Contemporan\u0103 \u0219i Rela\u021bii interna\u021bionale. <\/p>\n\n\n\n<p class=\"wp-block-paragraph\">Data limit\u0103 pentru\n\u00eenscrieri este <strong>31 martie 2020.<\/strong><\/p>\n\n\n\n<p class=\"wp-block-paragraph\"><a href=\"https:\/\/docs.google.com\/forms\/d\/e\/1FAIpQLSeIDBCvv4JsIkvOqq_Y1fkJlRMfmnPnSYmYrYLPK4bKDhbtrw\/viewform?vc=0&amp;c=0&amp;w=1\">\u00censcrierile se realizeaz\u0103 pe baza complet\u0103rii formularului Google Docs \u0219i a ata\u0219\u0103rii unui rezumat de 300-350 de cuvinte.<\/a><\/p>\n\n\n\n<p class=\"wp-block-paragraph\">Universitatea din\nBucure\u0219ti asigur\u0103 pentru participan\u021bi, <strong>cazare<\/strong> la c\u0103minele studen\u021be\u0219ti \u0219i\n<strong>cina <\/strong>(24 aprilie), respectiv <strong>masa de pr\u00e2nz<\/strong> (25 aprilie).<\/p>\n\n\n\n<p class=\"wp-block-paragraph\">Pentru orice\n\u00eentreb\u0103ri legate de \u00eenscrieri sau de participarea la Conferin\u021ba Na\u021bional\u0103 a\n\u0218colii Doctorale de Istorie, ne pute\u021bi contacta la adresele de email:<\/p>\n\n\n\n<ul class=\"wp-block-list\"><li><a href=\"mailto:florina.dobre@drd.unibuc.ro\">florina.dobre@drd.unibuc.ro<\/a><\/li><li><a href=\"mailto:adrian.matesan@drd.unibuc.ro\">adrian.matesan@drd.unibuc.ro<\/a>\n<\/li><\/ul>\n\n\n\n<div class=\"wp-block-file\"><a href=\"https:\/\/istorie.unibuc.ro\/wp-content\/uploads\/2020\/01\/Apel-la-contribu\u021bii-1.pdf\">Apel-la-contribu\u021bii-1<\/a><a href=\"https:\/\/istorie.unibuc.ro\/wp-content\/uploads\/2020\/01\/Apel-la-contribu\u021bii-1.pdf\" class=\"wp-block-file__button\" download>Download<\/a><\/div>\n","protected":false},"excerpt":{"rendered":"<p>\u0218coala Doctoral\u0103 a Facult\u0103\u021bii de Istorie, Universitatea din Bucure\u0219ti, are pl\u0103cerea de a v\u0103 invita la Conferin\u021ba Na\u021bional\u0103 a \u0218colii Doctorale, cu tema Provoc\u0103ri \u0219i perspective \u00een cercetarea doctoral\u0103. Conferin\u021ba se va desf\u0103\u0219ura \u00een perioada 24-25 aprilie 2020 la Facultatea de Istorie, Universitatea din Bucure\u0219ti (Bd. Regina Elisabeta 4 -12). Doctoranzii dornici s\u0103-\u0219i prezinte rezultatele [&hellip;]<\/p>\n","protected":false},"author":2,"featured_media":0,"comment_status":"closed","ping_status":"open","sticky":false,"template":"","format":"standard","meta":{"_crdt_document":"","jetpack_post_was_ever_published":false,"_jetpack_newsletter_access":"","_jetpack_dont_email_post_to_subs":false,"_jetpack_newsletter_tier_id":0,"_jetpack_memberships_contains_paywalled_content":false,"_jetpack_memberships_contains_paid_content":false,"footnotes":"","jetpack_publicize_message":"","jetpack_publicize_feature_enabled":true,"jetpack_social_post_already_shared":false,"jetpack_social_options":{"image_generator_settings":{"template":"highway","default_image_id":0,"font":"","enabled":false},"version":2}},"categories":[34,21],"tags":[],"class_list":["post-3368","post","type-post","status-publish","format-standard","hentry","category-avizier","category-evenimente"],"jetpack_publicize_connections":[],"jetpack_featured_media_url":"","jetpack_sharing_enabled":true,"jetpack_shortlink":"https:\/\/wp.me\/paobZd-Sk","jetpack-related-posts":[],"_links":{"self":[{"href":"https:\/\/istorie.unibuc.ro\/facultate\/wp-json\/wp\/v2\/posts\/3368","targetHints":{"allow":["GET"]}}],"collection":[{"href":"https:\/\/istorie.unibuc.ro\/facultate\/wp-json\/wp\/v2\/posts"}],"about":[{"href":"https:\/\/istorie.unibuc.ro\/facultate\/wp-json\/wp\/v2\/types\/post"}],"author":[{"embeddable":true,"href":"https:\/\/istorie.unibuc.ro\/facultate\/wp-json\/wp\/v2\/users\/2"}],"replies":[{"embeddable":true,"href":"https:\/\/istorie.unibuc.ro\/facultate\/wp-json\/wp\/v2\/comments?post=3368"}],"version-history":[{"count":2,"href":"https:\/\/istorie.unibuc.ro\/facultate\/wp-json\/wp\/v2\/posts\/3368\/revisions"}],"predecessor-version":[{"id":3374,"href":"https:\/\/istorie.unibuc.ro\/facultate\/wp-json\/wp\/v2\/posts\/3368\/revisions\/3374"}],"wp:attachment":[{"href":"https:\/\/istorie.unibuc.ro\/facultate\/wp-json\/wp\/v2\/media?parent=3368"}],"wp:term":[{"taxonomy":"category","embeddable":true,"href":"https:\/\/istorie.unibuc.ro\/facultate\/wp-json\/wp\/v2\/categories?post=3368"},{"taxonomy":"post_tag","embeddable":true,"href":"https:\/\/istorie.unibuc.ro\/facultate\/wp-json\/wp\/v2\/tags?post=3368"}],"curies":[{"name":"wp","href":"https:\/\/api.w.org\/{rel}","templated":true}]}}