{"id":2606,"date":"2019-06-18T18:23:56","date_gmt":"2019-06-18T18:23:56","guid":{"rendered":"https:\/\/istorie.unibuc.ro\/?p=2606"},"modified":"2019-06-14T21:12:42","modified_gmt":"2019-06-14T21:12:42","slug":"from-the-ottoman-empire-to-the-republic-of-turkey-diplomacy-ideology-society","status":"publish","type":"post","link":"https:\/\/istorie.unibuc.ro\/facultate\/2019\/06\/18\/from-the-ottoman-empire-to-the-republic-of-turkey-diplomacy-ideology-society\/","title":{"rendered":"From the Ottoman Empire to the Republic of Turkey &#8211; Diplomacy, Ideology, Society,"},"content":{"rendered":"\n<div class=\"wp-block-image\"><figure class=\"alignright is-resized\"><img data-recalc-dims=\"1\" loading=\"lazy\" decoding=\"async\" data-attachment-id=\"2607\" data-permalink=\"https:\/\/istorie.unibuc.ro\/facultate\/2019\/06\/18\/from-the-ottoman-empire-to-the-republic-of-turkey-diplomacy-ideology-society\/afis-conferinta-kk-mic\/\" data-orig-file=\"https:\/\/i0.wp.com\/istorie.unibuc.ro\/wp-content\/uploads\/2019\/06\/afis-conferinta-KK-mic.jpg?fit=1189%2C1681&amp;ssl=1\" data-orig-size=\"1189,1681\" data-comments-opened=\"0\" data-image-meta=\"{&quot;aperture&quot;:&quot;0&quot;,&quot;credit&quot;:&quot;&quot;,&quot;camera&quot;:&quot;&quot;,&quot;caption&quot;:&quot;&quot;,&quot;created_timestamp&quot;:&quot;1560261770&quot;,&quot;copyright&quot;:&quot;&quot;,&quot;focal_length&quot;:&quot;0&quot;,&quot;iso&quot;:&quot;0&quot;,&quot;shutter_speed&quot;:&quot;0&quot;,&quot;title&quot;:&quot;&quot;,&quot;orientation&quot;:&quot;0&quot;}\" data-image-title=\"afis-conferinta-KK-mic\" data-image-description=\"\" data-image-caption=\"\" data-large-file=\"https:\/\/i0.wp.com\/istorie.unibuc.ro\/wp-content\/uploads\/2019\/06\/afis-conferinta-KK-mic.jpg?fit=724%2C1024&amp;ssl=1\" src=\"https:\/\/i0.wp.com\/istorie.unibuc.ro\/wp-content\/uploads\/2019\/06\/afis-conferinta-KK-mic.jpg?resize=405%2C572&#038;ssl=1\" alt=\"\" class=\"wp-image-2607\" width=\"405\" height=\"572\" srcset=\"https:\/\/i0.wp.com\/istorie.unibuc.ro\/wp-content\/uploads\/2019\/06\/afis-conferinta-KK-mic.jpg?resize=724%2C1024&amp;ssl=1 724w, https:\/\/i0.wp.com\/istorie.unibuc.ro\/wp-content\/uploads\/2019\/06\/afis-conferinta-KK-mic.jpg?resize=212%2C300&amp;ssl=1 212w, https:\/\/i0.wp.com\/istorie.unibuc.ro\/wp-content\/uploads\/2019\/06\/afis-conferinta-KK-mic.jpg?resize=768%2C1086&amp;ssl=1 768w, https:\/\/i0.wp.com\/istorie.unibuc.ro\/wp-content\/uploads\/2019\/06\/afis-conferinta-KK-mic.jpg?w=1189&amp;ssl=1 1189w\" sizes=\"auto, (max-width: 405px) 100vw, 405px\" \/><\/figure><\/div>\n\n\n\n<p class=\"wp-block-paragraph\">\n\nCentrul de Studii Turce &#8211; FIUB  organizeaz\u0103 in zilele de 18 si 19 iunie la Bucuresti si Constanta un eveniment dedicat memoriei \u0219i mo\u0219tenirii istoriografice a istoricului Kemal Karpat, \u00een parteneriat cu Facultatea de Istorie \u0219i \u0218tiinte Politice &#8211; Universitatea Ovidius Constanta, Agen\u021bia Turc\u0103 de Colaborare \u0219i Cooperare TIKA \u0219i Ambasada Republicii Turcia la Bucure\u0219ti . <\/p>\n\n\n\n<p class=\"wp-block-paragraph\">N\u0103scut \u00een Rom\u00e2nia, l\u00e2ng\u0103 Babadag, reputatul istoric a profesat \u00een Statele Unite \u0219i \u00een Turcia, p\u0103str\u00e2ndu-\u0219i \u00een permanen\u021ba sufletul de dobrogean. La patru luni de la dispari\u021bia sa, conferin\u021ba \u201eDe la Imperiul Otoman la Republica Turcia: diploma\u021bie, ideologie, societate. In memoriam Kemal Karpat\u201d va fi un moment de dezbatere a mo\u0219tenirii istoriografice l\u0103sate de istoric. Conferin\u021ba se va desf\u0103\u0219ura la Bucure\u0219ti \u0219i Constan\u021ba \u0219i va include o zi pe un traseu al memoriei Constan\u021ba-Babadag-Tulcea.<\/p>\n\n\n\n<p class=\"wp-block-paragraph\">Programul conferintei este atasat.<\/p>\n\n\n\n<p class=\"wp-block-paragraph\"><br>Kemal Karpat (1923-2019) \u0219i-a f\u0103cut studiile de licen\u021b\u0103 la Facultatea de Drept a Universit\u0103\u021bii din Istanbul (a absolvit \u00een 1947), a urmat programul de master la \u0218tiin\u021be Politice la Universitatea din Washington, \u0219i studiile de doctorat  la \u0218tiin\u021be Politice \u0219i Sociale la (programul  de doctorat  fiind finalizat \u00een 1957).<br>Pentru o scurt\u0103 perioad\u0103 a fost numit \u00een Consiliul Economic \u015fi Social al Na\u0163iunilor Unite. A preferat totu\u0219i via\u021ba academic\u0103, domeniu c\u0103ruia i s-a dedicat tot restul vie\u021bii. A lucrat ca lector \u00eentr-o serie de institu\u0163ii de \u00eenv\u0103\u0163\u0103m\u00e2nt, inclusiv la Montana State University, New York University, Princeton University, Universitatea Bilkent din Ankara, O.D.T.U., Universitatea din Ankara, Harvard University, John Hopkins University, Columbia University \u015fi \u00c9cole des Hautes \u00c9tudes en Sciences Sociales.<\/p>\n\n\n\n<p class=\"wp-block-paragraph\">Kemal Karpat a fost director al Departamentului Studii asupra Orientului Mijlociu de la Wisconsin University, fondator al Societ\u0103\u0163ii de Studii Central-Asiatice \u015fi coordonator al Programului de Studii Central-Asiatice din cadrul aceleia\u015fi universit\u0103\u0163i.<br>Meritele sale au fost recunoscute \u0219i de mediul academic rom\u00e2nesc. Acesta este Doctor Honoris Causa al Universit\u0103\u021bii Ovidius din Constan\u021ba (1998) \u0219i al Universit\u0103\u021bii Babe\u0219-Bolyai din Cluj-Napoca (2015).<\/p>\n\n\n\n<p class=\"wp-block-paragraph\">\u00cen ceea ce prive\u0219te domeniul s\u0103u de cercetare, poate nu \u00eent\u00e2mpl\u0103tor, lucr\u0103rile sale au contribuit la o mai bun\u0103 cunoa\u0219tere a propriului trecut \u0219i a locurilor \u00een care a tr\u0103it. Urma\u0219 al unor emigran\u021bi \u0219i mai t\u00e2rziu, \u0219i el un soi de emigrant, Kemal Karpat a fost prin lucrarea Ottoman Population, 1830-1914: Demographic and Social Characteristics, (Madison: University of Wisconsin Press, 1985), un deschiz\u0103tor de drumuri \u00een privin\u021ba \u00een\u021belegerii importan\u021bei emigr\u0103rilor spre Imperiul Otoman \u0219i consecin\u021belor acestui fenomen \u00een transformarea Turciei \u0219i a Balcanilor. Tot \u00een privin\u021ba Balcanilor \u0219i a mo\u0219tenirii otomane, \u00een cartea Balkanlarda Osmanl\u0131 Miras\u0131 ve Ulus\u00e7uluk (Mo\u015ftenirea otoman\u0103 \u00een Balcani \u015fi na\u021bionalismul, Ankara: Imge, 2004) a ar\u0103tat cum statele na\u021bionale din Balcani, \u00een procesul lor de construc\u021bie \u0219i de ob\u021binere a independen\u021bei, au dezvoltat un discurs antiotoman. A fost preocupat de \u00een\u021belegerea societ\u0103\u021bii turce, a rolului religiei \u00een politica turc\u0103, a locului acesteia \u00een societatea turc\u0103 \u0219i a felului \u00een care a evoluat \u00een\u021belegerea acesteia. Studii precum Studies on Ottoman Social and Political History (Leiden: Brill, 2002), Studies on Turkish Politics and Society (Leiden: Brill, 2004), The Politicization of Islam: Identity, State, Belief and Congregation in the Ottoman Empire in the Last Period (Istanbul: Istanbul Bilgi University, 2004) sunt obligatorii pentru orice cercet\u0103tor al istoriei Turciei.<\/p>\n\n\n\n<p class=\"wp-block-paragraph\">Kemal Karpat a fost preocupat \u0219i de istoria t\u0103r\u00e2mului natal. A scris despre fondarea ora\u0219ului Medgidia, de care a r\u0103mas legat din anii \u00een care a fost elev al Seminarului Musulman din ora\u0219, c\u0103ruia i-a dedicat \u0219i un studiu.<\/p>\n\n\n\n<blockquote class=\"wp-block-quote is-layout-flow wp-block-quote-is-layout-flow\"><p>\u201eR\u00e2ul care str\u0103punge muntele\u201d este titlul unei c\u0103r\u021bi de dialoguri cu Kemal Karpat (Kemal H. Karpat, Da\u011f\u0131 delen \u0131rmak, S\u00f6yle\u015fi: Emin Tanr\u0131yar, Tima\u015f, 2010), o metafor\u0103 care sintetizeaz\u0103 via\u021ba acestuia. Kemal H. Karpat omul a murit, dar opera sa r\u0103m\u00e2ne pentru a str\u0103punge barierele, a destupa min\u021bile, a g\u0103si c\u0103i spre libertate.<\/p><\/blockquote>\n\n\n\n<p class=\"wp-block-paragraph\" style=\"text-align:right\">(Metin Omer, In memoriam, Kemal Karpat \u201eR\u00e2ul care str\u0103punge muntele\u201d, 21 februarie 2019)&nbsp;<\/p>\n\n\n\n<p class=\"wp-block-paragraph\"><br><\/p>\n\n\n\n<div class=\"wp-block-file\"><a href=\"https:\/\/istorie.unibuc.ro\/wp-content\/uploads\/2019\/06\/program-conferinta-Kemal-Karpat-email-1.pdf\">program-conferinta-Kemal-Karpat<\/a><a href=\"https:\/\/istorie.unibuc.ro\/wp-content\/uploads\/2019\/06\/program-conferinta-Kemal-Karpat-email-1.pdf\" class=\"wp-block-file__button\" download>Download<\/a><\/div>\n","protected":false},"excerpt":{"rendered":"<p>Centrul de Studii Turce &#8211; FIUB organizeaz\u0103 in zilele de 18 si 19 iunie la Bucuresti si Constanta un eveniment dedicat memoriei \u0219i mo\u0219tenirii istoriografice a istoricului Kemal Karpat, \u00een parteneriat cu Facultatea de Istorie \u0219i \u0218tiinte Politice &#8211; Universitatea Ovidius Constanta, Agen\u021bia Turc\u0103 de Colaborare \u0219i Cooperare TIKA \u0219i Ambasada Republicii Turcia la Bucure\u0219ti [&hellip;]<\/p>\n","protected":false},"author":2,"featured_media":0,"comment_status":"closed","ping_status":"open","sticky":false,"template":"","format":"standard","meta":{"_crdt_document":"","jetpack_post_was_ever_published":false,"_jetpack_newsletter_access":"","_jetpack_dont_email_post_to_subs":false,"_jetpack_newsletter_tier_id":0,"_jetpack_memberships_contains_paywalled_content":false,"_jetpack_memberships_contains_paid_content":false,"footnotes":"","jetpack_publicize_message":"","jetpack_publicize_feature_enabled":true,"jetpack_social_post_already_shared":false,"jetpack_social_options":{"image_generator_settings":{"template":"highway","default_image_id":0,"font":"","enabled":false},"version":2}},"categories":[21],"tags":[],"class_list":["post-2606","post","type-post","status-publish","format-standard","hentry","category-evenimente"],"jetpack_publicize_connections":[],"jetpack_featured_media_url":"","jetpack_sharing_enabled":true,"jetpack_shortlink":"https:\/\/wp.me\/paobZd-G2","jetpack-related-posts":[],"_links":{"self":[{"href":"https:\/\/istorie.unibuc.ro\/facultate\/wp-json\/wp\/v2\/posts\/2606","targetHints":{"allow":["GET"]}}],"collection":[{"href":"https:\/\/istorie.unibuc.ro\/facultate\/wp-json\/wp\/v2\/posts"}],"about":[{"href":"https:\/\/istorie.unibuc.ro\/facultate\/wp-json\/wp\/v2\/types\/post"}],"author":[{"embeddable":true,"href":"https:\/\/istorie.unibuc.ro\/facultate\/wp-json\/wp\/v2\/users\/2"}],"replies":[{"embeddable":true,"href":"https:\/\/istorie.unibuc.ro\/facultate\/wp-json\/wp\/v2\/comments?post=2606"}],"version-history":[{"count":3,"href":"https:\/\/istorie.unibuc.ro\/facultate\/wp-json\/wp\/v2\/posts\/2606\/revisions"}],"predecessor-version":[{"id":2620,"href":"https:\/\/istorie.unibuc.ro\/facultate\/wp-json\/wp\/v2\/posts\/2606\/revisions\/2620"}],"wp:attachment":[{"href":"https:\/\/istorie.unibuc.ro\/facultate\/wp-json\/wp\/v2\/media?parent=2606"}],"wp:term":[{"taxonomy":"category","embeddable":true,"href":"https:\/\/istorie.unibuc.ro\/facultate\/wp-json\/wp\/v2\/categories?post=2606"},{"taxonomy":"post_tag","embeddable":true,"href":"https:\/\/istorie.unibuc.ro\/facultate\/wp-json\/wp\/v2\/tags?post=2606"}],"curies":[{"name":"wp","href":"https:\/\/api.w.org\/{rel}","templated":true}]}}