{"id":2531,"date":"2019-05-22T21:19:11","date_gmt":"2019-05-22T21:19:11","guid":{"rendered":"https:\/\/istorie.unibuc.ro\/?p=2531"},"modified":"2019-05-22T21:19:15","modified_gmt":"2019-05-22T21:19:15","slug":"atelierul-istoricilor-10","status":"publish","type":"post","link":"https:\/\/istorie.unibuc.ro\/facultate\/2019\/05\/22\/atelierul-istoricilor-10\/","title":{"rendered":"Atelierul Istoricilor \/ 10"},"content":{"rendered":"\n<div class=\"wp-block-image\"><figure class=\"alignleft is-resized\"><img decoding=\"async\" data-attachment-id=\"2533\" data-permalink=\"https:\/\/istorie.unibuc.ro\/facultate\/2019\/05\/22\/atelierul-istoricilor-10\/afis-atelier-10-1-1\/\" data-orig-file=\"https:\/\/i0.wp.com\/istorie.unibuc.ro\/wp-content\/uploads\/2019\/05\/afis-atelier-10-1-1.jpg?fit=2481%2C1754&amp;ssl=1\" data-orig-size=\"2481,1754\" data-comments-opened=\"0\" data-image-meta=\"{&quot;aperture&quot;:&quot;0&quot;,&quot;credit&quot;:&quot;&quot;,&quot;camera&quot;:&quot;&quot;,&quot;caption&quot;:&quot;&quot;,&quot;created_timestamp&quot;:&quot;0&quot;,&quot;copyright&quot;:&quot;&quot;,&quot;focal_length&quot;:&quot;0&quot;,&quot;iso&quot;:&quot;0&quot;,&quot;shutter_speed&quot;:&quot;0&quot;,&quot;title&quot;:&quot;&quot;,&quot;orientation&quot;:&quot;0&quot;}\" data-image-title=\"afis-atelier-10-1-1\" data-image-description=\"\" data-image-caption=\"\" data-large-file=\"https:\/\/i0.wp.com\/istorie.unibuc.ro\/wp-content\/uploads\/2019\/05\/afis-atelier-10-1-1.jpg?fit=771%2C545&amp;ssl=1\" src=\"https:\/\/i2.wp.com\/istorie.unibuc.ro\/wp-content\/uploads\/2019\/05\/afis-atelier-10-1-1.jpg?fit=640%2C453&amp;ssl=1\" alt=\"\" class=\"wp-image-2533\" width=\"-104\" height=\"-73\" srcset=\"https:\/\/i0.wp.com\/istorie.unibuc.ro\/wp-content\/uploads\/2019\/05\/afis-atelier-10-1-1.jpg?w=2481&amp;ssl=1 2481w, https:\/\/i0.wp.com\/istorie.unibuc.ro\/wp-content\/uploads\/2019\/05\/afis-atelier-10-1-1.jpg?resize=300%2C212&amp;ssl=1 300w, https:\/\/i0.wp.com\/istorie.unibuc.ro\/wp-content\/uploads\/2019\/05\/afis-atelier-10-1-1.jpg?resize=768%2C543&amp;ssl=1 768w, https:\/\/i0.wp.com\/istorie.unibuc.ro\/wp-content\/uploads\/2019\/05\/afis-atelier-10-1-1.jpg?resize=1024%2C724&amp;ssl=1 1024w, https:\/\/i0.wp.com\/istorie.unibuc.ro\/wp-content\/uploads\/2019\/05\/afis-atelier-10-1-1.jpg?resize=400%2C283&amp;ssl=1 400w, https:\/\/i0.wp.com\/istorie.unibuc.ro\/wp-content\/uploads\/2019\/05\/afis-atelier-10-1-1.jpg?w=1542&amp;ssl=1 1542w, https:\/\/i0.wp.com\/istorie.unibuc.ro\/wp-content\/uploads\/2019\/05\/afis-atelier-10-1-1.jpg?w=2313&amp;ssl=1 2313w\" sizes=\"(max-width: 771px) 100vw, 771px\" \/><\/figure><\/div>\n\n\n\n<p class=\"wp-block-paragraph\">\n\nCST v\u0103 \u00eenvit\u0103 joi, 23 mai a.c., ora 12.00, la un nou Atelier al Istoricilor av\u00e2nd ca subiect Primul R\u0103zboi Mondial \u00een Rom\u00e2nia.<\/p>\n\n\n\n<p class=\"wp-block-paragraph\">Prezentat publicului german pe 11 decembrie 2018 la Ingolstadt, Deutsches Armee Museum, volumul colectiv \u201dFrontul necunoscut. Primul R\u0103zboi Mondial \u00een Rom\u00e2nia\u201d  se bazeaz\u0103 pe actele conferintei internationale \u201eRumaenuenfeldzug 1916\/1917 &#8211; Erfahrung und Erinnerung\u201d, desfasurata intre 26 &#8211; 28 septembrie 2016 la Universitatea Sfintii Kyrill si Method din Veliko Tarnovo.<\/p>\n\n\n\n<p class=\"wp-block-paragraph\">Volumul reuneste contributiile unor autori din tari precum Bulgaria, Germania, Marea Britanie, Turcia, USA, Elvetia, Serbia, \u0219i Austria.Tematica vizeaz\u0103 dinamica rela\u021biilor \u00eentre aliati intr-un razboi de coalitie, raporturile cu populatia civila, cultivarea memoriei, etc.<\/p>\n\n\n\n<p class=\"wp-block-paragraph\">Invitatii lunii mai sunt  editorii volumului Gundula Gahlen, Deniza Petrova (Frei Universitat Berlin), Oliver Stein (Ingolstadt, Deutsches Armee Museum) \u0219i doi dintre autorii din volum, Claudiu Lucian Topor (Facultatea de Istorie, Universitatea Al. I. Cuza Ia\u0219i) \u0219i Daniel Cain (Institutul de Studii Sud-Est Europene Bucure\u0219ti).<\/p>\n\n\n\n<p class=\"wp-block-paragraph\">Atelierul Istoricilor este un grup de lucru \u00een care masteranzi, doctoranzi \u0219i speciali\u0219ti sunt invita\u021bi s\u0103 \u00ee\u0219i prezinte cele mai recente proiecte de cercetare. Se desf\u0103\u0219oar\u0103 sub coordonarea dr. Bogdan Popa, cercet\u0103tor la Institutul de Istorie \u201eNicolale Iorga\u201d \u0219i dr. Silvana Rachieru, lector universitar la Facultatea de istorie, Universitatea din Bucure\u0219ti.<\/p>\n\n\n\n<p class=\"wp-block-paragraph\">Atelierul va avea loc la Sala de Consiliu, etajul I, Facultatea de Istorie.&nbsp;&nbsp;\n\n<\/p>\n","protected":false},"excerpt":{"rendered":"<p>CST v\u0103 \u00eenvit\u0103 joi, 23 mai a.c., ora 12.00, la un nou Atelier al Istoricilor av\u00e2nd ca subiect Primul R\u0103zboi Mondial \u00een Rom\u00e2nia. Prezentat publicului german pe 11 decembrie 2018 la Ingolstadt, Deutsches Armee Museum, volumul colectiv \u201dFrontul necunoscut. Primul R\u0103zboi Mondial \u00een Rom\u00e2nia\u201d se bazeaz\u0103 pe actele conferintei internationale \u201eRumaenuenfeldzug 1916\/1917 &#8211; Erfahrung und [&hellip;]<\/p>\n","protected":false},"author":2,"featured_media":0,"comment_status":"closed","ping_status":"open","sticky":false,"template":"","format":"standard","meta":{"_crdt_document":"","jetpack_post_was_ever_published":false,"_jetpack_newsletter_access":"","_jetpack_dont_email_post_to_subs":false,"_jetpack_newsletter_tier_id":0,"_jetpack_memberships_contains_paywalled_content":false,"_jetpack_memberships_contains_paid_content":false,"footnotes":"","jetpack_publicize_message":"","jetpack_publicize_feature_enabled":true,"jetpack_social_post_already_shared":true,"jetpack_social_options":{"image_generator_settings":{"template":"highway","default_image_id":0,"font":"","enabled":false},"version":2}},"categories":[21],"tags":[],"class_list":["post-2531","post","type-post","status-publish","format-standard","hentry","category-evenimente"],"jetpack_publicize_connections":[],"jetpack_featured_media_url":"","jetpack_sharing_enabled":true,"jetpack_shortlink":"https:\/\/wp.me\/paobZd-EP","jetpack-related-posts":[],"_links":{"self":[{"href":"https:\/\/istorie.unibuc.ro\/facultate\/wp-json\/wp\/v2\/posts\/2531","targetHints":{"allow":["GET"]}}],"collection":[{"href":"https:\/\/istorie.unibuc.ro\/facultate\/wp-json\/wp\/v2\/posts"}],"about":[{"href":"https:\/\/istorie.unibuc.ro\/facultate\/wp-json\/wp\/v2\/types\/post"}],"author":[{"embeddable":true,"href":"https:\/\/istorie.unibuc.ro\/facultate\/wp-json\/wp\/v2\/users\/2"}],"replies":[{"embeddable":true,"href":"https:\/\/istorie.unibuc.ro\/facultate\/wp-json\/wp\/v2\/comments?post=2531"}],"version-history":[{"count":1,"href":"https:\/\/istorie.unibuc.ro\/facultate\/wp-json\/wp\/v2\/posts\/2531\/revisions"}],"predecessor-version":[{"id":2534,"href":"https:\/\/istorie.unibuc.ro\/facultate\/wp-json\/wp\/v2\/posts\/2531\/revisions\/2534"}],"wp:attachment":[{"href":"https:\/\/istorie.unibuc.ro\/facultate\/wp-json\/wp\/v2\/media?parent=2531"}],"wp:term":[{"taxonomy":"category","embeddable":true,"href":"https:\/\/istorie.unibuc.ro\/facultate\/wp-json\/wp\/v2\/categories?post=2531"},{"taxonomy":"post_tag","embeddable":true,"href":"https:\/\/istorie.unibuc.ro\/facultate\/wp-json\/wp\/v2\/tags?post=2531"}],"curies":[{"name":"wp","href":"https:\/\/api.w.org\/{rel}","templated":true}]}}