{"id":1978,"date":"2019-02-12T08:45:18","date_gmt":"2019-02-12T08:45:18","guid":{"rendered":"https:\/\/istorie.unibuc.ro\/?p=1978"},"modified":"2019-02-11T08:53:26","modified_gmt":"2019-02-11T08:53:26","slug":"conferinta-nationala-lungul-drum-catre-casa-diplomati-romani-in-cele-doua-razboaie-mondiale","status":"publish","type":"post","link":"https:\/\/istorie.unibuc.ro\/facultate\/2019\/02\/12\/conferinta-nationala-lungul-drum-catre-casa-diplomati-romani-in-cele-doua-razboaie-mondiale\/","title":{"rendered":"Conferin\u021ba Na\u021bional\u0103 \u201eLungul drum c\u0103tre cas\u0103: Diploma\u021bi rom\u00e2ni \u00een cele dou\u0103 R\u0103zboaie Mondiale\u201d"},"content":{"rendered":"\n<div class=\"wp-block-image\"><figure class=\"alignright is-resized\"><img loading=\"lazy\" decoding=\"async\" data-attachment-id=\"1979\" data-permalink=\"https:\/\/istorie.unibuc.ro\/facultate\/2019\/02\/12\/conferinta-nationala-lungul-drum-catre-casa-diplomati-romani-in-cele-doua-razboaie-mondiale\/afis-diplomati\/\" data-orig-file=\"https:\/\/i0.wp.com\/istorie.unibuc.ro\/wp-content\/uploads\/2019\/02\/afis-diplomati.jpg?fit=3507%2C4961&amp;ssl=1\" data-orig-size=\"3507,4961\" data-comments-opened=\"0\" data-image-meta=\"{&quot;aperture&quot;:&quot;0&quot;,&quot;credit&quot;:&quot;&quot;,&quot;camera&quot;:&quot;&quot;,&quot;caption&quot;:&quot;&quot;,&quot;created_timestamp&quot;:&quot;0&quot;,&quot;copyright&quot;:&quot;&quot;,&quot;focal_length&quot;:&quot;0&quot;,&quot;iso&quot;:&quot;0&quot;,&quot;shutter_speed&quot;:&quot;0&quot;,&quot;title&quot;:&quot;&quot;,&quot;orientation&quot;:&quot;0&quot;}\" data-image-title=\"afis diplomati\" data-image-description=\"\" data-image-caption=\"\" data-large-file=\"https:\/\/i0.wp.com\/istorie.unibuc.ro\/wp-content\/uploads\/2019\/02\/afis-diplomati.jpg?fit=724%2C1024&amp;ssl=1\" src=\"https:\/\/i1.wp.com\/istorie.unibuc.ro\/wp-content\/uploads\/2019\/02\/afis-diplomati.jpg?fit=640%2C905&amp;ssl=1\" alt=\"\" class=\"wp-image-1979\" width=\"297\" height=\"419\" srcset=\"https:\/\/i0.wp.com\/istorie.unibuc.ro\/wp-content\/uploads\/2019\/02\/afis-diplomati.jpg?w=3507&amp;ssl=1 3507w, https:\/\/i0.wp.com\/istorie.unibuc.ro\/wp-content\/uploads\/2019\/02\/afis-diplomati.jpg?resize=212%2C300&amp;ssl=1 212w, https:\/\/i0.wp.com\/istorie.unibuc.ro\/wp-content\/uploads\/2019\/02\/afis-diplomati.jpg?resize=768%2C1086&amp;ssl=1 768w, https:\/\/i0.wp.com\/istorie.unibuc.ro\/wp-content\/uploads\/2019\/02\/afis-diplomati.jpg?resize=724%2C1024&amp;ssl=1 724w, https:\/\/i0.wp.com\/istorie.unibuc.ro\/wp-content\/uploads\/2019\/02\/afis-diplomati.jpg?w=1542&amp;ssl=1 1542w, https:\/\/i0.wp.com\/istorie.unibuc.ro\/wp-content\/uploads\/2019\/02\/afis-diplomati.jpg?w=2313&amp;ssl=1 2313w\" sizes=\"auto, (max-width: 297px) 100vw, 297px\" \/><\/figure><\/div>\n\n\n\n<p class=\"wp-block-paragraph\">\n\nIntrarea Rom\u00e2niei \u00een cele dou\u0103 r\u0103zboaie mondiale, de o parte sau de alta a unei alian\u021be, a avut printre consecin\u021be \u0219i ruperea rela\u021biilor diplomatice cu statele implicate \u00een conflict de cealalt\u0103 parte a \u201ebaricadei\u201d. Din acel moment, diploma\u021bii, \u00een general, \u0219i cei rom\u00e2ni, \u00een particular, au fost considera\u021bi inamici, iar \u201etratamentul\u201d la care au fost supu\u0219i a fost diferit de la caz la caz. <br>La 100 de ani de la finalul primului r\u0103zboi mondial \u0219i la 80 de la izbucnirea celei de-a doua conflagra\u021bii mondiale, v\u0103 propunem o abordare diferit\u0103 asupra diploma\u021bilor rom\u00e2ni ce au activat \u00een vreme de r\u0103zboi. Nevoi\u021bi, uneori, s\u0103 \u00ee\u0219i lase \u00eentreaga avu\u021bie \u00een ora\u0219ele unde erau acredita\u021bi, \u0219efii de misiune al\u0103turi de personalul ambasadelor, lega\u021biilor, consulatelor, au \u00eendurat vicisitudine r\u0103zboiului: arest\u0103ri, amenin\u021b\u0103ri, \u00eenc\u0103lcarea cutumelor diplomatice. Conferin\u021ba va oferi istoricilor cadrul de dezbatere pentru aspectele complexe ale acestui \u201eexil diplomatic\u201d v\u0103zut prin studii de caz, destine individuale sau colective \u00een r\u0103zboi. \n\n<\/p>\n\n\n\n<p class=\"wp-block-paragraph\">Conferin\u021ba se  desf\u0103soara 12-13 februarie la Centrul de Studii Turce al FIUB, sala 8, \u0219i este organizata de CST, FIUB si Facultatea de Istorie a Universitatii Al. I. Cuza din Iasi.<\/p>\n\n\n\n<h2 class=\"wp-block-heading\">\n\nProgram:<\/h2>\n\n\n\n<h4 class=\"wp-block-heading\">MAR\u021aI, 12 FEBRUARIE 2019<br>Centrul de Studii Turce \u2013 FIUB, sala 8, Holul de Marmur\u0103<\/h4>\n\n\n\n<p class=\"wp-block-paragraph\"><strong>15.30 \u2013 15.45 : DESCHIDEREA CONFERIN\u021aEI<\/strong><\/p>\n\n\n\n<p class=\"wp-block-paragraph\">15.45\u201317.00 PANEL 1<\/p>\n\n\n\n<p class=\"wp-block-paragraph\"><strong>15.45 &#8211; 16.05<\/strong> \/ dr. Daniel Citirig\u0103 (Universitatea \u201eOvidius\u201dConstan\u021ba), Diploma\u021bia Coroanei: Casa Regal\u0103 a Rom\u00e2niei \u00een fa\u021ba Primului R\u0103zboi Mondial<br><strong>16.05\u201316.25 <\/strong>\/ dr. Emanuil Ineoan, (Universitatea Babe\u0219-Bolyai Cluj Napoca), Diploma\u021bi rom\u00e2ni la sud de Dun\u0103re la \u00eenceputul secolului XX &#8211; Atena, Durres, Ianina, Monastir, Salonic<br><strong>16.25\u201316.45 <\/strong>\/ dr. Adrian-Bogdan Ceobanu (Universitatea \u201eAlexandru Ioan Cuza\u201d din Ia\u0219i), Ia\u0219i sau Bucure\u0219ti? Op\u021biunile unor diploma\u021bi rom\u00e2ni \u00een toamna anului 1916<br><strong>16.45-17.00 <\/strong>\/ Discu\u021bii<br><strong>17.00-17.15 <\/strong>\/ Pauz\u0103 de cafea<\/p>\n\n\n\n<p class=\"wp-block-paragraph\"><strong>17.15-19.00 PANEL 2<\/strong> <\/p>\n\n\n\n<p class=\"wp-block-paragraph\">1<strong>7.15\u201317.35 <\/strong>\/ dr. Andreea D\u0103ncil\u0103 Ineoan (Universitatea Babe\u0219-Bolyai Cluj Napoca), Consulatul Rom\u00e2niei de la Budapesta \u00een perioada Primului R\u0103zboi Mondial<br><strong>17.35\u201317.55 <\/strong>\/ dr. Silvana Rachieru (Universitatea din Bucure\u0219ti), \u201ePrieten du\u0219manilor \u0219i du\u0219man prietenilor mei\u201d \u2013 Diploma\u021bi rom\u00e2ni la Constantinopol \u00een timpul Primului R\u0103zboi Mondial <br><strong>17.55\u201318.15 <\/strong>\/ dr. Laura Gheorghiu (Arhiva Diplomatic\u0103 a Ministerului Afacerilor Externe), Tratamentul diploma\u021bilor rom\u00e2ni \u00een \u021b\u0103rile inamice dup\u0103 intrarea Rom\u00e2niei \u00een Primul R\u0103zboi Mondial<br><strong>18.15 \u2013 18. 35<\/strong> \/ dr. Daniel Cain (Institutul de Studii Sud-Est Europene), P\u0103\u021baniile unui diplomat \u00een vremuri de r\u0103zboi: scandalul Gur\u0103nescu (1918)<br><strong>18.35-19.00<\/strong> \/ Discu\u021bii <\/p>\n\n\n\n<h4 class=\"wp-block-heading\">MIERCURI, 13 FEBRUARIE 2019<br>Centrul de Studii Turce \u2013 FIUB, sala 8, Holul de Marmur\u0103<\/h4>\n\n\n\n<p class=\"wp-block-paragraph\"><strong>10.00-11.35 PANEL 3<\/strong><\/p>\n\n\n\n<p class=\"wp-block-paragraph\"><strong>10.00-10.20<\/strong> \/ dr. Alexandru Murad Mironov (Universitatea din Bucure\u0219ti), Nicolae Titulescu \u015fi Siguran\u0163a Statului. Dosarul de urm\u0103rire a unui ministru de Externe c\u0103zut \u00een dizgra\u0163ie<br><strong>10.20-10.40<\/strong> \/ dr. Vitalie V\u0103ratic (Institutul Na\u021bional pentru Studiul Totalitarismului), \u201ePe timp de r\u0103zboi, diploma\u021bii nu vorbesc; ei revin \u00een Patrie\u201d &#8211; Retragerea misiunilor diplomatice din \u021b\u0103rile beligerante, participante la ostilit\u0103\u021bile de pe Frontul de Est, iunie-iulie 1941<br><strong>10.40-11.00<\/strong> \/ drd. Ciprian Ni\u021bulescu (CNSAS), \u00centre pace \u0219i r\u0103zboi. Diploma\u021bi rom\u00e2ni pe continentul american (1940-1944)<br><strong>11.00-11.20<\/strong> \/ dr. Bogdan Schipor (Institutul de Istorie \u201eA.D. Xenopol\u201d Ia\u0219i), 1940: sf\u00e2r\u0219itul Letoniei, sf\u00e2r\u0219itul unei misiuni. Grigore Niculescu-Buze\u0219ti \u0219i Ludvigs Ekis \u00een fa\u021ba drumului spre cas\u0103<br><strong>11.20-11.35 \/ <\/strong>Discu\u021bii<br><strong>11.35-11.50 \/<\/strong> Pauz\u0103 de cafea<\/p>\n\n\n\n<p class=\"wp-block-paragraph\"><strong>11.50-13.05 PANEL 4<\/strong><\/p>\n\n\n\n<p class=\"wp-block-paragraph\"><strong>11.50 \u2013 12.10<\/strong> \/ dr. Adrian Vi\u021balaru (Universitatea \u201eAlexandru Ioan Cuza\u201d din Ia\u0219i), \u00centre Alian\u021b\u0103 \u0219i Ax\u0103. Op\u021biunile unor diploma\u021bi rom\u00e2ni \u00een timpul celui de-al Doilea R\u0103zboi Mondial<br><strong>12.10-12.30 \/<\/strong> dr. Mioara Anton (Institutul de Istorie \u201eNicolae Iorga\u201d Bucure\u0219ti), R\u0103zboiul ca necesitate. Grigore Gafencu \u0219i ultimele zile ale Europei<br><strong>12.30-12.50 <\/strong>\/ dr. Silviu Miloiu (Universitatea Valahia, T\u00e2rgovi\u0219te), Un diplomat \u00een slujba \u021b\u0103rii sale? Grigore Gafencu de la misiunea de la Moscova la misiunea din Occident (1940-1945)<br><strong>12.50-13.05\/<\/strong> Discu\u021bii<br><strong>13.00-14.15<\/strong> \/ Pauz\u0103 de pr\u00e2nz<\/p>\n\n\n\n<p class=\"wp-block-paragraph\"><strong>14.15 \u2013 15.55 PANEL 5<\/strong><\/p>\n\n\n\n<p class=\"wp-block-paragraph\"><strong>14.15-14.35<\/strong> \/ dr. Emanuel Plopeanu (Universitatea \u201eOvidius\u201d Constan\u021ba), Diploma\u0163ie cultural\u0103 \u00een vreme de r\u0103zboi: Institutul Cultural Rom\u00e2n de la Ankara, \u00eentre speran\u0163e \u015fi ne\u00eempliniri (1943-1945)<br><strong>14.35-14.55<\/strong> \/ dr. Florin C. Stan (Arhiva Diplomatic\u0103 a Ministerului Afacerilor Externe), Florian Manoliu \u2013 un diplomat atipic, \u00eentre fidelitatea fa\u0163\u0103 de \u0163ar\u0103 \u015fi datoria fa\u0163\u0103 de semeni<br><strong>14.55-15.15 \/<\/strong> dr. Doru Liciu (Arhiva Diplomatic\u0103 a Ministerului Afacerilor Externe), Diploma\u021bii rom\u00e2ni din Reichul nazist \u0219i \u021b\u0103rile aliate acestuia dup\u0103 23 august 1944<br><strong>15.15-15.35 <\/strong>\/ dr. Metin Omer (Universitatea \u201eOvidius\u201d Constan\u021ba), Un diplomat de tranzi\u021bie. Grigore C. Moisil ambasador la Ankara (1946-1948)<br>1<strong>5.35-15.55<\/strong> Discu\u021bii<\/p>\n\n\n\n<p class=\"wp-block-paragraph\"><strong>15.55-16.45 MASA ROTUNDA<\/strong><br>Istoria diploma\u021biei rom\u00e2ne\u0219ti, \u00eencotro? Premise, surse, stadiul cercet\u0103rii<br>Concluzii\u00a0\u00a0<\/p>\n\n\n\n<div class=\"wp-block-columns has-2-columns is-layout-flex wp-container-core-columns-is-layout-8f761849 wp-block-columns-is-layout-flex\">\n<div class=\"wp-block-column is-layout-flow wp-block-column-is-layout-flow\">\n<figure class=\"wp-block-image\"><img loading=\"lazy\" decoding=\"async\" width=\"1280\" height=\"720\" data-attachment-id=\"1980\" data-permalink=\"https:\/\/istorie.unibuc.ro\/facultate\/2019\/02\/12\/conferinta-nationala-lungul-drum-catre-casa-diplomati-romani-in-cele-doua-razboaie-mondiale\/slide1\/\" data-orig-file=\"https:\/\/i0.wp.com\/istorie.unibuc.ro\/wp-content\/uploads\/2019\/02\/Slide1.jpg?fit=1280%2C720&amp;ssl=1\" data-orig-size=\"1280,720\" data-comments-opened=\"0\" data-image-meta=\"{&quot;aperture&quot;:&quot;0&quot;,&quot;credit&quot;:&quot;&quot;,&quot;camera&quot;:&quot;&quot;,&quot;caption&quot;:&quot;&quot;,&quot;created_timestamp&quot;:&quot;0&quot;,&quot;copyright&quot;:&quot;&quot;,&quot;focal_length&quot;:&quot;0&quot;,&quot;iso&quot;:&quot;0&quot;,&quot;shutter_speed&quot;:&quot;0&quot;,&quot;title&quot;:&quot;&quot;,&quot;orientation&quot;:&quot;0&quot;}\" data-image-title=\"Slide1\" data-image-description=\"\" data-image-caption=\"\" data-large-file=\"https:\/\/i0.wp.com\/istorie.unibuc.ro\/wp-content\/uploads\/2019\/02\/Slide1.jpg?fit=771%2C434&amp;ssl=1\" src=\"https:\/\/i2.wp.com\/istorie.unibuc.ro\/wp-content\/uploads\/2019\/02\/Slide1.jpg?fit=640%2C360&amp;ssl=1\" alt=\"\" class=\"wp-image-1980\" srcset=\"https:\/\/i0.wp.com\/istorie.unibuc.ro\/wp-content\/uploads\/2019\/02\/Slide1.jpg?w=1280&amp;ssl=1 1280w, https:\/\/i0.wp.com\/istorie.unibuc.ro\/wp-content\/uploads\/2019\/02\/Slide1.jpg?resize=300%2C169&amp;ssl=1 300w, https:\/\/i0.wp.com\/istorie.unibuc.ro\/wp-content\/uploads\/2019\/02\/Slide1.jpg?resize=768%2C432&amp;ssl=1 768w, https:\/\/i0.wp.com\/istorie.unibuc.ro\/wp-content\/uploads\/2019\/02\/Slide1.jpg?resize=1024%2C576&amp;ssl=1 1024w, https:\/\/i0.wp.com\/istorie.unibuc.ro\/wp-content\/uploads\/2019\/02\/Slide1.jpg?resize=400%2C225&amp;ssl=1 400w\" sizes=\"auto, (max-width: 771px) 100vw, 771px\" \/><\/figure>\n<\/div>\n\n\n\n<div class=\"wp-block-column is-layout-flow wp-block-column-is-layout-flow\">\n<figure class=\"wp-block-image\"><img loading=\"lazy\" decoding=\"async\" width=\"1280\" height=\"720\" data-attachment-id=\"1981\" data-permalink=\"https:\/\/istorie.unibuc.ro\/facultate\/2019\/02\/12\/conferinta-nationala-lungul-drum-catre-casa-diplomati-romani-in-cele-doua-razboaie-mondiale\/slide2\/\" data-orig-file=\"https:\/\/i0.wp.com\/istorie.unibuc.ro\/wp-content\/uploads\/2019\/02\/Slide2.jpg?fit=1280%2C720&amp;ssl=1\" data-orig-size=\"1280,720\" data-comments-opened=\"0\" data-image-meta=\"{&quot;aperture&quot;:&quot;0&quot;,&quot;credit&quot;:&quot;&quot;,&quot;camera&quot;:&quot;&quot;,&quot;caption&quot;:&quot;&quot;,&quot;created_timestamp&quot;:&quot;0&quot;,&quot;copyright&quot;:&quot;&quot;,&quot;focal_length&quot;:&quot;0&quot;,&quot;iso&quot;:&quot;0&quot;,&quot;shutter_speed&quot;:&quot;0&quot;,&quot;title&quot;:&quot;&quot;,&quot;orientation&quot;:&quot;0&quot;}\" data-image-title=\"Slide2\" data-image-description=\"\" data-image-caption=\"\" data-large-file=\"https:\/\/i0.wp.com\/istorie.unibuc.ro\/wp-content\/uploads\/2019\/02\/Slide2.jpg?fit=771%2C434&amp;ssl=1\" src=\"https:\/\/i0.wp.com\/istorie.unibuc.ro\/wp-content\/uploads\/2019\/02\/Slide2.jpg?fit=640%2C360&amp;ssl=1\" alt=\"\" class=\"wp-image-1981\" srcset=\"https:\/\/i0.wp.com\/istorie.unibuc.ro\/wp-content\/uploads\/2019\/02\/Slide2.jpg?w=1280&amp;ssl=1 1280w, https:\/\/i0.wp.com\/istorie.unibuc.ro\/wp-content\/uploads\/2019\/02\/Slide2.jpg?resize=300%2C169&amp;ssl=1 300w, https:\/\/i0.wp.com\/istorie.unibuc.ro\/wp-content\/uploads\/2019\/02\/Slide2.jpg?resize=768%2C432&amp;ssl=1 768w, https:\/\/i0.wp.com\/istorie.unibuc.ro\/wp-content\/uploads\/2019\/02\/Slide2.jpg?resize=1024%2C576&amp;ssl=1 1024w, https:\/\/i0.wp.com\/istorie.unibuc.ro\/wp-content\/uploads\/2019\/02\/Slide2.jpg?resize=400%2C225&amp;ssl=1 400w\" sizes=\"auto, (max-width: 771px) 100vw, 771px\" \/><\/figure>\n<\/div>\n<\/div>\n","protected":false},"excerpt":{"rendered":"<p>Intrarea Rom\u00e2niei \u00een cele dou\u0103 r\u0103zboaie mondiale, de o parte sau de alta a unei alian\u021be, a avut printre consecin\u021be \u0219i ruperea rela\u021biilor diplomatice cu statele implicate \u00een conflict de cealalt\u0103 parte a \u201ebaricadei\u201d. Din acel moment, diploma\u021bii, \u00een general, \u0219i cei rom\u00e2ni, \u00een particular, au fost considera\u021bi inamici, iar \u201etratamentul\u201d la care au fost [&hellip;]<\/p>\n","protected":false},"author":2,"featured_media":0,"comment_status":"closed","ping_status":"open","sticky":false,"template":"","format":"standard","meta":{"_crdt_document":"","jetpack_post_was_ever_published":false,"_jetpack_newsletter_access":"","_jetpack_dont_email_post_to_subs":false,"_jetpack_newsletter_tier_id":0,"_jetpack_memberships_contains_paywalled_content":false,"_jetpack_memberships_contains_paid_content":false,"footnotes":"","jetpack_publicize_message":"","jetpack_publicize_feature_enabled":true,"jetpack_social_post_already_shared":false,"jetpack_social_options":{"image_generator_settings":{"template":"highway","default_image_id":0,"font":"","enabled":false},"version":2}},"categories":[21],"tags":[],"class_list":["post-1978","post","type-post","status-publish","format-standard","hentry","category-evenimente"],"jetpack_publicize_connections":[],"jetpack_featured_media_url":"","jetpack_sharing_enabled":true,"jetpack_shortlink":"https:\/\/wp.me\/paobZd-vU","jetpack-related-posts":[],"_links":{"self":[{"href":"https:\/\/istorie.unibuc.ro\/facultate\/wp-json\/wp\/v2\/posts\/1978","targetHints":{"allow":["GET"]}}],"collection":[{"href":"https:\/\/istorie.unibuc.ro\/facultate\/wp-json\/wp\/v2\/posts"}],"about":[{"href":"https:\/\/istorie.unibuc.ro\/facultate\/wp-json\/wp\/v2\/types\/post"}],"author":[{"embeddable":true,"href":"https:\/\/istorie.unibuc.ro\/facultate\/wp-json\/wp\/v2\/users\/2"}],"replies":[{"embeddable":true,"href":"https:\/\/istorie.unibuc.ro\/facultate\/wp-json\/wp\/v2\/comments?post=1978"}],"version-history":[{"count":2,"href":"https:\/\/istorie.unibuc.ro\/facultate\/wp-json\/wp\/v2\/posts\/1978\/revisions"}],"predecessor-version":[{"id":1983,"href":"https:\/\/istorie.unibuc.ro\/facultate\/wp-json\/wp\/v2\/posts\/1978\/revisions\/1983"}],"wp:attachment":[{"href":"https:\/\/istorie.unibuc.ro\/facultate\/wp-json\/wp\/v2\/media?parent=1978"}],"wp:term":[{"taxonomy":"category","embeddable":true,"href":"https:\/\/istorie.unibuc.ro\/facultate\/wp-json\/wp\/v2\/categories?post=1978"},{"taxonomy":"post_tag","embeddable":true,"href":"https:\/\/istorie.unibuc.ro\/facultate\/wp-json\/wp\/v2\/tags?post=1978"}],"curies":[{"name":"wp","href":"https:\/\/api.w.org\/{rel}","templated":true}]}}