{"id":19320,"date":"2025-07-30T09:23:07","date_gmt":"2025-07-30T09:23:07","guid":{"rendered":"https:\/\/istorie.unibuc.ro\/facultate\/?p=19320"},"modified":"2025-07-30T09:23:11","modified_gmt":"2025-07-30T09:23:11","slug":"anunt-practica-individuala","status":"publish","type":"post","link":"https:\/\/istorie.unibuc.ro\/facultate\/2025\/07\/30\/anunt-practica-individuala\/","title":{"rendered":"Anun\u021b practic\u0103 individual\u0103"},"content":{"rendered":"\n<p class=\"wp-block-paragraph\">Av\u00e2nd \u00een vedere calendarul caz\u0103rilor \u00een c\u0103mine, studen\u021bii care au efectuat practica (practica individual\u0103) sunt ruga\u021bi s\u0103 se asigure c\u0103 au transmis dosarul complet pentru a primi not\u0103 pe adresa <a href=\"mailto:practica.istorie@unibuc.ro\">practica.istorie@unibuc.ro<\/a> \u0219i c\u0103 au primit email de confirmare pentru trecerea notei \u00een catalog p\u00e2n\u0103 la data de 7 septembrie!!!! \u00cen cazul de&nbsp; situa\u021bii excep\u021bionale, acestea se vor semnala pe email p\u00e2n\u0103 la data de 7 septembrie, la aceea\u0219i adres\u0103, \u0219i ele vor fi rezolvate punctual cu institu\u021bia la care se efectueaz\u0103 practica.<\/p>\n\n\n\n<p class=\"wp-block-paragraph\">Av\u00e2nd \u00een vedere calendarul caz\u0103rilor \u00een c\u0103mine, studen\u021bii care au efectuat practica \u00een grupe organizate de facultate sunt ruga\u021bi s\u0103 se asigure c\u0103 au nota trecut\u0103 \u00een catalog p\u00e2n\u0103 la data de 7 septembrie!!!! \u00cen caz contrar, s\u0103 alerteze de urgen\u021b\u0103 coordonatorul grupei de practic\u0103.<\/p>\n\n\n\n<p class=\"wp-block-paragraph\"><\/p>\n","protected":false},"excerpt":{"rendered":"<p>Av\u00e2nd \u00een vedere calendarul caz\u0103rilor \u00een c\u0103mine, studen\u021bii care au efectuat practica (practica individual\u0103) sunt ruga\u021bi s\u0103 se asigure c\u0103 au transmis dosarul complet pentru a primi not\u0103 pe adresa practica.istorie@unibuc.ro \u0219i c\u0103 au primit email de confirmare pentru trecerea notei \u00een catalog p\u00e2n\u0103 la data de 7 septembrie!!!! \u00cen cazul de&nbsp; situa\u021bii excep\u021bionale, acestea [&hellip;]<\/p>\n","protected":false},"author":7,"featured_media":0,"comment_status":"closed","ping_status":"open","sticky":false,"template":"","format":"standard","meta":{"_crdt_document":"","jetpack_post_was_ever_published":false,"_jetpack_newsletter_access":"","_jetpack_dont_email_post_to_subs":false,"_jetpack_newsletter_tier_id":0,"_jetpack_memberships_contains_paywalled_content":false,"_jetpack_memberships_contains_paid_content":false,"footnotes":"","jetpack_publicize_message":"","jetpack_publicize_feature_enabled":true,"jetpack_social_post_already_shared":true,"jetpack_social_options":{"image_generator_settings":{"template":"highway","default_image_id":0,"font":"","enabled":false},"version":2}},"categories":[20,34,1,31,32,36],"tags":[],"class_list":["post-19320","post","type-post","status-publish","format-standard","hentry","category-anunturi","category-avizier","category-fara-categorie","category-licenta-master","category-master","category-studenti"],"jetpack_publicize_connections":[],"jetpack_featured_media_url":"","jetpack_sharing_enabled":true,"jetpack_shortlink":"https:\/\/wp.me\/paobZd-51C","jetpack-related-posts":[],"_links":{"self":[{"href":"https:\/\/istorie.unibuc.ro\/facultate\/wp-json\/wp\/v2\/posts\/19320","targetHints":{"allow":["GET"]}}],"collection":[{"href":"https:\/\/istorie.unibuc.ro\/facultate\/wp-json\/wp\/v2\/posts"}],"about":[{"href":"https:\/\/istorie.unibuc.ro\/facultate\/wp-json\/wp\/v2\/types\/post"}],"author":[{"embeddable":true,"href":"https:\/\/istorie.unibuc.ro\/facultate\/wp-json\/wp\/v2\/users\/7"}],"replies":[{"embeddable":true,"href":"https:\/\/istorie.unibuc.ro\/facultate\/wp-json\/wp\/v2\/comments?post=19320"}],"version-history":[{"count":1,"href":"https:\/\/istorie.unibuc.ro\/facultate\/wp-json\/wp\/v2\/posts\/19320\/revisions"}],"predecessor-version":[{"id":19321,"href":"https:\/\/istorie.unibuc.ro\/facultate\/wp-json\/wp\/v2\/posts\/19320\/revisions\/19321"}],"wp:attachment":[{"href":"https:\/\/istorie.unibuc.ro\/facultate\/wp-json\/wp\/v2\/media?parent=19320"}],"wp:term":[{"taxonomy":"category","embeddable":true,"href":"https:\/\/istorie.unibuc.ro\/facultate\/wp-json\/wp\/v2\/categories?post=19320"},{"taxonomy":"post_tag","embeddable":true,"href":"https:\/\/istorie.unibuc.ro\/facultate\/wp-json\/wp\/v2\/tags?post=19320"}],"curies":[{"name":"wp","href":"https:\/\/api.w.org\/{rel}","templated":true}]}}