{"id":1808,"date":"2019-02-01T19:58:58","date_gmt":"2019-02-01T19:58:58","guid":{"rendered":"https:\/\/istorie.unibuc.ro\/?p=1808"},"modified":"2019-01-26T20:06:21","modified_gmt":"2019-01-26T20:06:21","slug":"teatrul-in-educatie-atelier-intensiv-de-tehnici-actoricesti-pentru-cadre-didactice","status":"publish","type":"post","link":"https:\/\/istorie.unibuc.ro\/facultate\/2019\/02\/01\/teatrul-in-educatie-atelier-intensiv-de-tehnici-actoricesti-pentru-cadre-didactice\/","title":{"rendered":"Teatrul \u00een Educa\u021bie &#8211; Atelier intensiv de tehnici actorice\u0219ti pentru cadre didactice"},"content":{"rendered":"\n<p class=\"wp-block-paragraph\">Atelierul se adreseaz\u0103 cadrelor didactice \u0219i are ca scop \u00eembun\u0103t\u0103\u021birea performan\u021bei pedagogice \u00een actul educa\u021bional. Cadrele didactice vor dob\u00e2ndi, la finalul sesiunii de dou\u0103 zile de atelier, urm\u0103toarele competen\u021be \u0219i abilit\u0103\u021bi:<\/p>\n\n\n\n<ul class=\"wp-block-list\"><li>Dezvoltarea observa\u021biei, a aten\u021biei, a imagina\u021biei creatoare, a spontaneit\u0103\u021bii \u0219i a memoriei prin antrenarea sim\u021burilor \u0219i interiorului sensibil;<\/li><li>Explorarea poten\u021bialului de vulnerabilitate prin exerci\u021bii specifice, actorice\u0219ti;<\/li><li>Antrenarea aparatului verbo-vocal \u0219i fizic \u00een exerci\u021bii de improviza\u021bie, respira\u021bie, dic\u021bie \u0219i pronun\u021bie pentru sus\u021binerea unei prezent\u0103ri publice;<\/li><li>Dezvoltarea capacit\u0103\u021bii de a sus\u021bine un dialog prin demontarea \u0219i remontarea conflictului (scenic);<\/li><li>Dezvoltarea deprinderii de a func\u021biona \u00eentr-un grup prin exersarea jocului (actoricesc) \u0219i formarea capacit\u0103\u021bii de a evalua o situa\u021bie dat\u0103.<\/li><li>Toate exerci\u021biile sunt practice, se bazeaz\u0103 pe joc \u0219i improviza\u021bie.<\/li><\/ul>\n\n\n\n<p class=\"wp-block-paragraph\">Scopul final este dezvoltarea capacit\u0103\u021bii de a lucra \u00een echip\u0103. Se lucreaz\u0103 individual \u00een colectiv, direc\u021bie de baz\u0103 \u00een educa\u021bie. Atelierul va fi unul interactiv. Toate exerci\u021biile propuse vor fi parcurse de c\u0103tre participan\u021bi, iar la finalul sesiunii ace\u0219tia vor beneficia de un suport de curs \u0219i vor avea o baz\u0103 serioas\u0103, pe mai departe, \u00een lucrul cu elevii<\/p>\n\n\n\n<p class=\"wp-block-paragraph\">Formator va fi Dana Rotaru, lector universitar la UNATC Bucure\u0219ti.<br>Perioada de desf\u0103\u0219urare a sesiunii: 1-2 februarie 2018 la Facultatea de Istorie<\/p>\n\n\n\n<p class=\"wp-block-paragraph\">\n\nStudentii interesati sa participe la atelier, pot trimite un mail la<br><a href=\"mailto:mihaela.murgoci@gmail.com\" target=\"_blank\" rel=\"noreferrer noopener\">mihaela.murgoci@gmail.com<\/a><\/p>\n\n\n\n<div class=\"wp-block-file\"><a href=\"https:\/\/istorie.unibuc.ro\/wp-content\/uploads\/2019\/01\/Prezentare-atelier-Cadre-Didactice.pdf\">Prezentare atelier Cadre Didactice<\/a><a href=\"https:\/\/istorie.unibuc.ro\/wp-content\/uploads\/2019\/01\/Prezentare-atelier-Cadre-Didactice.pdf\" class=\"wp-block-file__button\" download>Download<\/a><\/div>\n\n\n\n<p class=\"wp-block-paragraph\"><\/p>\n","protected":false},"excerpt":{"rendered":"<p>Atelierul se adreseaz\u0103 cadrelor didactice \u0219i are ca scop \u00eembun\u0103t\u0103\u021birea performan\u021bei pedagogice \u00een actul educa\u021bional. Cadrele didactice vor dob\u00e2ndi, la finalul sesiunii de dou\u0103 zile de atelier, urm\u0103toarele competen\u021be \u0219i abilit\u0103\u021bi: Dezvoltarea observa\u021biei, a aten\u021biei, a imagina\u021biei creatoare, a spontaneit\u0103\u021bii \u0219i a memoriei prin antrenarea sim\u021burilor \u0219i interiorului sensibil; Explorarea poten\u021bialului de vulnerabilitate prin exerci\u021bii [&hellip;]<\/p>\n","protected":false},"author":2,"featured_media":0,"comment_status":"closed","ping_status":"open","sticky":false,"template":"","format":"standard","meta":{"_crdt_document":"","jetpack_post_was_ever_published":false,"_jetpack_newsletter_access":"","_jetpack_dont_email_post_to_subs":false,"_jetpack_newsletter_tier_id":0,"_jetpack_memberships_contains_paywalled_content":false,"_jetpack_memberships_contains_paid_content":false,"footnotes":"","jetpack_publicize_message":"","jetpack_publicize_feature_enabled":true,"jetpack_social_post_already_shared":false,"jetpack_social_options":{"image_generator_settings":{"template":"highway","default_image_id":0,"font":"","enabled":false},"version":2}},"categories":[21],"tags":[],"class_list":["post-1808","post","type-post","status-publish","format-standard","hentry","category-evenimente"],"jetpack_publicize_connections":[],"jetpack_featured_media_url":"","jetpack_sharing_enabled":true,"jetpack_shortlink":"https:\/\/wp.me\/paobZd-ta","jetpack-related-posts":[],"_links":{"self":[{"href":"https:\/\/istorie.unibuc.ro\/facultate\/wp-json\/wp\/v2\/posts\/1808","targetHints":{"allow":["GET"]}}],"collection":[{"href":"https:\/\/istorie.unibuc.ro\/facultate\/wp-json\/wp\/v2\/posts"}],"about":[{"href":"https:\/\/istorie.unibuc.ro\/facultate\/wp-json\/wp\/v2\/types\/post"}],"author":[{"embeddable":true,"href":"https:\/\/istorie.unibuc.ro\/facultate\/wp-json\/wp\/v2\/users\/2"}],"replies":[{"embeddable":true,"href":"https:\/\/istorie.unibuc.ro\/facultate\/wp-json\/wp\/v2\/comments?post=1808"}],"version-history":[{"count":3,"href":"https:\/\/istorie.unibuc.ro\/facultate\/wp-json\/wp\/v2\/posts\/1808\/revisions"}],"predecessor-version":[{"id":1812,"href":"https:\/\/istorie.unibuc.ro\/facultate\/wp-json\/wp\/v2\/posts\/1808\/revisions\/1812"}],"wp:attachment":[{"href":"https:\/\/istorie.unibuc.ro\/facultate\/wp-json\/wp\/v2\/media?parent=1808"}],"wp:term":[{"taxonomy":"category","embeddable":true,"href":"https:\/\/istorie.unibuc.ro\/facultate\/wp-json\/wp\/v2\/categories?post=1808"},{"taxonomy":"post_tag","embeddable":true,"href":"https:\/\/istorie.unibuc.ro\/facultate\/wp-json\/wp\/v2\/tags?post=1808"}],"curies":[{"name":"wp","href":"https:\/\/api.w.org\/{rel}","templated":true}]}}