{"id":1765,"date":"2019-01-18T10:48:08","date_gmt":"2019-01-18T10:48:08","guid":{"rendered":"https:\/\/istorie.unibuc.ro\/?p=1765"},"modified":"2019-01-17T10:50:15","modified_gmt":"2019-01-17T10:50:15","slug":"regina-maria-de-la-istorie-la-fenomen-cultural-concemporan","status":"publish","type":"post","link":"https:\/\/istorie.unibuc.ro\/facultate\/2019\/01\/18\/regina-maria-de-la-istorie-la-fenomen-cultural-concemporan\/","title":{"rendered":"Regina Maria &#8211; De la istorie la fenomen cultural contemporan"},"content":{"rendered":"\n<p class=\"wp-block-paragraph\">Atelierul AAMIC din cadrul Masteratului de Istoria Ideilor, Mentalit\u0103\u021bilor \u0219i Culturii de mas\u0103, Facultatea de Istorie &amp; Facultatea de Jurnalism \u0219i \u0218tiintele Comunic\u0103rii , Universitatea din Bucure\u0219ti, v\u0103 invit\u0103 la un eveniment special: proiec\u021bia filmului &#8222;Maria, Inima Rom\u00e2niei\u201d (2018), realizat de Chainsaw Film Production. Proiec\u021bia va fi urmat\u0103 de o dezbatere la care avem onoarea s\u0103 \u00eei avem al\u0103turi pe Prof. univ. dr. Mihaela Grancea (Universitatea \u201cLucian Blaga\u201d, Sibiu), Prof. univ dr. Alin Ciupal\u0103 (Universitatea Bucure\u0219ti), Prof. univ. dr. Virgiliu \u021a\u00e2r\u0103u (Universitatea Babe\u0219-Bolyai, Cluj-Napoca), Dan Dr\u0103ghicescu, Produc\u0103tor asociat al filmului &#8222;Maria, Inima Rom\u00e2niei&#8221;. \u00cent\u00e2lnirea va fi moderat\u0103 de Prof. univ. dr. Mirela-Lumini\u021ba Murgescu (Universitatea din Bucure\u0219ti) \u0219i masterand Alexandra Colceru (Universitatea din Bucure\u0219ti)<\/p>\n\n\n\n<p class=\"wp-block-paragraph\">I s-a spus, printre altele, \u201emama regin\u0103\u201d, \u201eregina soldat\u201d, \u201eregina r\u0103zboiului unit\u0103\u0163ii na\u0163ionale\u201d, iar cu ocazia sarb\u0103toririi Centenarului a fost una dintre cele mai vehiculate figuri istorice \u00een spa\u021biul rom\u00e2nesc. Dup\u0103 un an 2018 plin de evenimente, \u00een care personalitatea Reginei Maria a fost invocat\u0103 \u00een lans\u0103ri de carte, concerte, conferin\u021be, expozi\u021bii fotografice \u00een \u021bar\u0103 \u0219i \u00een str\u0103in\u0103tate, interviuri, spectacole, filme documentar, retrospective fotografice pe baza unor selec\u021bii din arhive, reclame comerciale s.a.m.d., i-am v\u0103zut \u00een nenum\u0103rate r\u00e2nduri imaginea redat\u0103 sub nuan\u021be feministe, nejustificat melancolice, chiar absolutizante.<\/p>\n\n\n\n<p class=\"wp-block-paragraph\">De aceea, \u00eencerc\u00e2nd s\u0103 analiz\u0103m c\u00e2t mai obiectiv cu putin\u021b\u0103 locul cuvenit Reginei Maria \u00een memoria noastr\u0103 na\u021bional\u0103, v\u0103 invit\u0103m s\u0103 vizion\u0103m \u00eempreun\u0103 filmul documentar \u201dMaria, inima Rom\u00e2niei\u201d \u0219i s\u0103 dezbatem \u00eentr-un cadru critic, dar nu insolent, istoric corect \u0219i f\u0103r\u0103 idealiz\u0103ri paralizante, cum ne putem raporta la imaginea Reginei dup\u0103 mai bine de un secol de Rom\u00e2nie \u201e\u00eentregit\u0103\u201d.<\/p>\n\n\n\n<p class=\"wp-block-paragraph\">Evenimentul va avea loc vineri, 18 ianuarie, ora 17, Amfiteatrul &#8222;Nicolae Iorga&#8221;, etaj I, Facultatea de Istorie, Bd. Regina Elisabeta 4-12.<\/p>\n\n\n\n<p class=\"wp-block-paragraph\">Intrarea este liber\u0103.<\/p>\n","protected":false},"excerpt":{"rendered":"<p>Atelierul AAMIC din cadrul Masteratului de Istoria Ideilor, Mentalit\u0103\u021bilor \u0219i Culturii de mas\u0103, Facultatea de Istorie &amp; Facultatea de Jurnalism \u0219i \u0218tiintele Comunic\u0103rii , Universitatea din Bucure\u0219ti, v\u0103 invit\u0103 la un eveniment special: proiec\u021bia filmului &#8222;Maria, Inima Rom\u00e2niei\u201d (2018), realizat de Chainsaw Film Production. Proiec\u021bia va fi urmat\u0103 de o dezbatere la care avem onoarea [&hellip;]<\/p>\n","protected":false},"author":2,"featured_media":1768,"comment_status":"closed","ping_status":"open","sticky":false,"template":"","format":"standard","meta":{"_crdt_document":"","jetpack_post_was_ever_published":false,"_jetpack_newsletter_access":"","_jetpack_dont_email_post_to_subs":false,"_jetpack_newsletter_tier_id":0,"_jetpack_memberships_contains_paywalled_content":false,"_jetpack_memberships_contains_paid_content":false,"footnotes":"","jetpack_publicize_message":"","jetpack_publicize_feature_enabled":true,"jetpack_social_post_already_shared":true,"jetpack_social_options":{"image_generator_settings":{"template":"highway","default_image_id":0,"font":"","enabled":false},"version":2}},"categories":[21],"tags":[],"class_list":["post-1765","post","type-post","status-publish","format-standard","has-post-thumbnail","hentry","category-evenimente"],"jetpack_publicize_connections":[],"jetpack_featured_media_url":"https:\/\/i0.wp.com\/istorie.unibuc.ro\/wp-content\/uploads\/2019\/01\/Poster-Regina-Maria-de-la-istorie-la-fenomen-cutural-18-Ianuarie-Facultate-de-Istorie-UB-1.jpg?fit=1071%2C1500&ssl=1","jetpack_sharing_enabled":true,"jetpack_shortlink":"https:\/\/wp.me\/paobZd-st","jetpack-related-posts":[],"_links":{"self":[{"href":"https:\/\/istorie.unibuc.ro\/facultate\/wp-json\/wp\/v2\/posts\/1765","targetHints":{"allow":["GET"]}}],"collection":[{"href":"https:\/\/istorie.unibuc.ro\/facultate\/wp-json\/wp\/v2\/posts"}],"about":[{"href":"https:\/\/istorie.unibuc.ro\/facultate\/wp-json\/wp\/v2\/types\/post"}],"author":[{"embeddable":true,"href":"https:\/\/istorie.unibuc.ro\/facultate\/wp-json\/wp\/v2\/users\/2"}],"replies":[{"embeddable":true,"href":"https:\/\/istorie.unibuc.ro\/facultate\/wp-json\/wp\/v2\/comments?post=1765"}],"version-history":[{"count":4,"href":"https:\/\/istorie.unibuc.ro\/facultate\/wp-json\/wp\/v2\/posts\/1765\/revisions"}],"predecessor-version":[{"id":1771,"href":"https:\/\/istorie.unibuc.ro\/facultate\/wp-json\/wp\/v2\/posts\/1765\/revisions\/1771"}],"wp:featuredmedia":[{"embeddable":true,"href":"https:\/\/istorie.unibuc.ro\/facultate\/wp-json\/wp\/v2\/media\/1768"}],"wp:attachment":[{"href":"https:\/\/istorie.unibuc.ro\/facultate\/wp-json\/wp\/v2\/media?parent=1765"}],"wp:term":[{"taxonomy":"category","embeddable":true,"href":"https:\/\/istorie.unibuc.ro\/facultate\/wp-json\/wp\/v2\/categories?post=1765"},{"taxonomy":"post_tag","embeddable":true,"href":"https:\/\/istorie.unibuc.ro\/facultate\/wp-json\/wp\/v2\/tags?post=1765"}],"curies":[{"name":"wp","href":"https:\/\/api.w.org\/{rel}","templated":true}]}}