{"id":1755,"date":"2018-12-29T09:40:40","date_gmt":"2018-12-29T09:40:40","guid":{"rendered":"https:\/\/istorie.unibuc.ro\/?p=1755"},"modified":"2019-01-13T09:42:45","modified_gmt":"2019-01-13T09:42:45","slug":"acad-prof-univ-dr-stefan-stefanescu-24-mai-1929-29-decembrie-2018","status":"publish","type":"post","link":"https:\/\/istorie.unibuc.ro\/facultate\/2018\/12\/29\/acad-prof-univ-dr-stefan-stefanescu-24-mai-1929-29-decembrie-2018\/","title":{"rendered":"Acad. Prof. univ. dr. \u0218tefan \u0218tef\u0103nescu (24 mai 1929 &#8211; 29 decembrie 2018)"},"content":{"rendered":"\n<p class=\"wp-block-paragraph\"><\/p>\n\n\n\n<div class=\"wp-block-image\"><figure class=\"alignright is-resized\"><img loading=\"lazy\" decoding=\"async\" data-attachment-id=\"1756\" data-permalink=\"https:\/\/istorie.unibuc.ro\/facultate\/2018\/12\/29\/acad-prof-univ-dr-stefan-stefanescu-24-mai-1929-29-decembrie-2018\/stefan-stefanescu-005-1-2\/\" data-orig-file=\"https:\/\/i0.wp.com\/istorie.unibuc.ro\/wp-content\/uploads\/2019\/01\/stefan-stefanescu-005-1-1.jpg?fit=1038%2C708&amp;ssl=1\" data-orig-size=\"1038,708\" data-comments-opened=\"0\" data-image-meta=\"{&quot;aperture&quot;:&quot;0&quot;,&quot;credit&quot;:&quot;&quot;,&quot;camera&quot;:&quot;&quot;,&quot;caption&quot;:&quot;&quot;,&quot;created_timestamp&quot;:&quot;0&quot;,&quot;copyright&quot;:&quot;&quot;,&quot;focal_length&quot;:&quot;0&quot;,&quot;iso&quot;:&quot;0&quot;,&quot;shutter_speed&quot;:&quot;0&quot;,&quot;title&quot;:&quot;&quot;,&quot;orientation&quot;:&quot;1&quot;}\" data-image-title=\"stefan stefanescu 005 (1)\" data-image-description=\"\" data-image-caption=\"\" data-large-file=\"https:\/\/i0.wp.com\/istorie.unibuc.ro\/wp-content\/uploads\/2019\/01\/stefan-stefanescu-005-1-1.jpg?fit=771%2C526&amp;ssl=1\" src=\"https:\/\/i2.wp.com\/istorie.unibuc.ro\/wp-content\/uploads\/2019\/01\/stefan-stefanescu-005-1-1.jpg?fit=640%2C436&amp;ssl=1\" alt=\"\" class=\"wp-image-1756\" width=\"449\" height=\"306\" srcset=\"https:\/\/i0.wp.com\/istorie.unibuc.ro\/wp-content\/uploads\/2019\/01\/stefan-stefanescu-005-1-1.jpg?w=1038&amp;ssl=1 1038w, https:\/\/i0.wp.com\/istorie.unibuc.ro\/wp-content\/uploads\/2019\/01\/stefan-stefanescu-005-1-1.jpg?resize=300%2C205&amp;ssl=1 300w, https:\/\/i0.wp.com\/istorie.unibuc.ro\/wp-content\/uploads\/2019\/01\/stefan-stefanescu-005-1-1.jpg?resize=768%2C524&amp;ssl=1 768w, https:\/\/i0.wp.com\/istorie.unibuc.ro\/wp-content\/uploads\/2019\/01\/stefan-stefanescu-005-1-1.jpg?resize=1024%2C698&amp;ssl=1 1024w, https:\/\/i0.wp.com\/istorie.unibuc.ro\/wp-content\/uploads\/2019\/01\/stefan-stefanescu-005-1-1.jpg?resize=400%2C273&amp;ssl=1 400w\" sizes=\"auto, (max-width: 449px) 100vw, 449px\" \/><\/figure><\/div>\n\n\n\n<p class=\"wp-block-paragraph\">Facultatea de Istorie anun\u021b\u0103 cu profund\u0103 triste\u021be\ntrecerea la cele ve\u0219nice a profesorului <strong>\u0218tefan\n\u0218tef\u0103nescu<\/strong>, membru titular al Academiei Rom\u00e2ne \u2013 Sec\u021bia de \u0218tiin\u021be\nIstorice.<\/p>\n\n\n\n<p class=\"wp-block-paragraph\">\u0218tefan \u0218tef\u0103nescu a urmat cursurile primare \u00een comuna\nnatal\u0103, Goicea Mic\u0103, jude\u021bul Dolj, a absolvit cursurile Colegiului Na\u021bional\nMilitar \u201dNicolae Filipescu\u201d de la M\u0103n\u0103stirea Dealu (colegiu transferat la\nPredeal \u00eencep\u00e2nd cu anul 1940) \u0219i a continuat studiile superioare la Facultatea\nde Istorie a Universit\u0103\u021bii din Bucure\u0219ti (1948-1952). Specializarea \u00een domeniul istoriei medievale\n(bizantinologie \u0219i studiul slavilor de sud) a fost asigurat\u0103 \u00een urma stagiilor\nla Universitatea \u201dM.V. Lomonosov\u201d din Moscova (1954-1957), \u00c9cole Nationale des\nChartes, \u00c9cole Pratique des Hautes \u00c9tudes \u00een Fran\u021ba, la Coll\u00e8ge de France \u0219i\nSorbona. A ob\u021binut titlul de doctor \u00een istorie al Universit\u0103\u021bii din Bucure\u0219ti\n\u00een anul 1957.<\/p>\n\n\n\n<p class=\"wp-block-paragraph\">Angajat la prestigiosul\nInstitut de Istorie \u201dN. Iorga\u201d, a parcurs treptele de cercet\u0103tor \u0219tiin\u021bific\n(1950-1957), cercet\u0103tor \u0219tiin\u021bific principal (1957-1960), secretar \u0219tiin\u021bific\n\u0219i \u0219ef al Sec\u021biei de istorie medie \u0219i vechi institu\u021bii rom\u00e2ne\u0219ti (1960-1966),\ndirector adjunct (1966-1970) \u0219i director (1970-1990). \u00cen paralel cu activitatea\nde cercetare \u0219i editare de documente, a desf\u0103\u0219urat o \u00eendelungat\u0103 activitate\ndidactic\u0103 \u00een cadrul Facult\u0103\u021bii de Istorie \u2013 Universitatea din Bucure\u0219ti, acolo\nunde a fost <strong>profesor titular<\/strong> (1970-1999),\n<strong>\u0219ef al Catedrei de istoria Rom\u00e2niei \u0219i\nistorie universal\u0103 <\/strong>(1984-1990) \u0219i <strong>decan<\/strong>\n(al Facult\u0103\u021bii de Istorie \u00eentre 1975-1977, iar apoi al Facult\u0103\u021bii de\nIstorie-Filosofie, \u00eentre 1977-1984). Trebuie ad\u0103ugat \u00eens\u0103 faptul c\u0103\nprofesorul \u0218tef\u0103nescu a r\u0103mas un membru activ al comunit\u0103\u021bii noastre academice,\n\u00een calitate de profesor asociat \u0219i conduc\u0103tor de doctorat dincolo de momentul\npension\u0103rii iar \u00een anul 2016 i-a fost conferit titlul de <em>Profesor emerit.<\/em><\/p>\n\n\n\n<p class=\"wp-block-paragraph\">\u00cen martie 1974 a devenit\nmembru corespondent al Academiei Rom\u00e2ne, iar din decembrie 1992 membru titular.\nDiscursul de recep\u021bie la alegerea ca membru titular al Academiei s-a referit la<em> Rom\u00e2nii &#8211; \u201dlatinii Orientului\u201d &#8211; \u0219i\ncon\u0219tiin\u021ba european\u0103 \u00een secolului al XVI-lea.<\/em><\/p>\n\n\n\n<p class=\"wp-block-paragraph\">Prestigiul \u0219tiin\u021bific al\nprofesorului \u0219i academicianului \u0218tefan \u0218tef\u0103nescu a contribuit la alegerea sa\nca membru \u00eentr-o serie de institu\u021bii academice prestigioase: Comitetul Na\u021bional\nal Istoricilor din Rom\u00e2nia (vicepre\u0219edinte din 1975), Academia European\u0103 de\nIstorie (Bruxelles), Comisia Interna\u021bional\u0103 de Studii Slave \u00een cadrul\nComitetului Interna\u021bional de \u0218tiin\u021be Istorice, Comisia Interna\u021bional\u0103 pentru\nIstoria Adun\u0103rilor de St\u0103ri, Comisia Interna\u021bional\u0103 de Istoriografie, membru \u00een\nconducerea Centrului de Studii Italo-Rom\u00e2ne (Milano).<\/p>\n\n\n\n<p class=\"wp-block-paragraph\">Declarat de c\u0103tre <em>The\nAmerican Biographical Institute Research Association <\/em>ca \u201dOm al Anului\n1995\u201d, \u0218tefan \u0218tef\u0103nescu a primit o serie de alte distinc\u021bii \u0219i premii, precum:\nOrdinul \u201dMeritul \u0218tiin\u021bific\u201d (1966), Premiul \u201dN. B\u0103lcescu\u201d al Academiei Rom\u00e2ne\n(1967), Ordinul \u201dSf. Chiril\n\u0219i Metodiu, cl. I (Bulgaria, 1977), Ordinul Na\u021bional\n\u201dPentru Merit\u201d \u00een grad de Ofi\u021ber (2000). A fost <em>Cet\u0103\u021bean de onoare<\/em> al municipiului Craiova \u0219i al comunelor Goicea\n\u0219i C\u0103lug\u0103reni. De asemenea, o calitate pe care a pre\u021buit-o mult a fost aceea de\n<em>Pre\u0219edinte de onoare<\/em> al funda\u021biei cultural-\u0219tiin\u021bifice\n\u201dMihai Viteazul -C\u0103lug\u0103reni\u201d.<\/p>\n\n\n\n<p class=\"wp-block-paragraph\">Opera sa \u0219tiin\u021bific\u0103 num\u0103r\u0103 circa 500 de titluri \u0219i\nacoper\u0103 direc\u021bii variate de cercetare, \u00eencep\u00e2nd cu editarea documentelor\nistorice (seria <em>Documenta Romaniae\nHistorica<\/em>, vol. II, VI, VII, VIII, XI) \u0219i continu\u00e2nd cu teme de istorie\nmedieval\u0103 \u0219i premodern\u0103 a Rom\u00e2niei \u0219i a sud-estului european, demografie\nistoric\u0103, istoria institu\u021biilor \u0219i a structurilor socio-politice medievale din\n\u021aara Rom\u00e2neasc\u0103, istoria rela\u021biilor interna\u021bionale, istoriografie. Lucrarea fundamental\u0103\ncare i-a \u0219i adus consacrarea \u0219tiin\u021bific\u0103 este <em>B\u0103nia \u00een \u021aara Rom\u00e2neasc\u0103,<\/em> ap\u0103rut\u0103 \u00een anul 1965 (\u00een acela\u0219i an,\nfiindu-i acordat Premiul Academiei Rom\u00e2ne pentru aceast\u0103 lucrare) \u0219i ulterior reeditat\u0103.\nDe asemenea, s-a num\u0103rat printre autorii marilor sinteze de <em>Istorie a Rom\u00e2niei<\/em> ap\u0103rute \u00een Rom\u00e2nia \u0219i\n\u00een str\u0103in\u0103tate (Bulgaria, China, Germania, Grecia, Italia, Japonia, Iugoslavia,\nRusia, Spania, Ungaria, SUA &#8211; vezi <em>infra<\/em>\nlista selectiv\u0103 de lucr\u0103ri).<\/p>\n\n\n\n<p class=\"wp-block-paragraph\">A ini\u021biat \u00een cadrul Sec\u021biei de \u0218tiin\u021be Istorice a\nAcademiei Rom\u00e2ne recuperarea operei \u0219tiin\u021bifice a lui Dimitre Onciul, proiect\nfinalizat cu apari\u021bia \u00een 2006 a volumului <em>Dimitrie Onciul, Scrieri\nalese.<\/em><\/p>\n\n\n\n<p class=\"wp-block-paragraph\">A participat cu interven\u021bii,\ncomunic\u0103ri \u0219i rapoarte la numeroase manifest\u0103ri \u0219tiin\u021bifice, inclusiv la\nCongresele Interna\u021bionale de Istorie (Stockholm \u2013 1960, Viena \u2013 1965, Moscova \u2013\n1970, San Francisco \u2013 1975, Bucure\u0219ti \u2013 1980, Stuttgart \u2013 1985, Madrid \u2013 1990,\nMontr\u00e9al \u2013 1995).<\/p>\n\n\n\n<p class=\"wp-block-paragraph\">\u00cen cadrul Facult\u0103\u021bii de\nIstorie a fondat <em>Seminarul de istorie\nmedie a Rom\u00e2nilor <\/em>care, \u00een 1993, a primit numele de <em>Seminarul de Metodologia Istoriei \u201dD. Onciul\u201d; <\/em>\u00een cadrul acestuia s-au\nperfec\u021bionat un num\u0103r important de cercet\u0103tori \u0219i au fost sus\u021binute sub\nconducerea profesorului \u0218tefan \u0218tef\u0103nescu 38 de teze de doctorat.<\/p>\n\n\n\n<p class=\"wp-block-paragraph\">Format la \u0219coala unor mari\npersonalit\u0103\u021bi ale istoriografiei rom\u00e2ne\u0219ti (medievistul \u0219i slavistul P.P.\nPanaitescu la Institutul \u201dN. Iorga\u201d) \u0219i inspirat de stagiile franceze (unde a\ncunoscut o serie de reprezentan\u021bi ai noului curent istoriografic francez, printre\ncare Fernand Braudel), profesorul \u0218tefan \u0218tef\u0103nescu a format la r\u00e2ndul s\u0103u\ngenera\u021bii de cercet\u0103tori \u0219i istorici, c\u0103rora le-a insuflat respectul pentru\nsursele istorice, pentru folosirea riguroas\u0103 a metodelor de cercetare istoric\u0103\n\u0219i pentru marile modele istoriografice rom\u00e2ne\u0219ti \u0219i universale.<\/p>\n\n\n\n<p class=\"wp-block-paragraph\">To\u021bi cei care l-au cunoscut au\napreciat nu doar preg\u0103tirea istoricului dar \u0219i noble\u021bea sufleteasc\u0103 a omului.\nS-a spus pe bun\u0103 dreptate c\u0103 \u0218tefan \u0218tef\u0103nescu a fost prin func\u021biile de\u021binute\nde-a lungul timpului \u201dnu reprezentantul autorit\u0103\u021bilor printre istorici, ci\nexponentul istoricilor \u00een forurile de conducere\u201d. A reu\u0219it s\u0103 apere\nfunc\u021bionarea institutelor de istorie \u00een perioada comunismului \u0219i \u0219i-a ajutat\ncolegii \u00een rela\u021bia cu autorit\u0103\u021bile, inclusiv \u00een vederea particip\u0103rii la\nconferin\u021be interna\u021bionale. Prin tot ceea ce a construit la Facultatea de\nIstorie, a creat un model de seriozitate academic\u0103, de pasiune \u00een studierea\nistoriei \u0219i care r\u0103m\u00e2ne un reper pentru to\u021bi cei care l-au cunoscut.<\/p>\n\n\n\n<p class=\"wp-block-paragraph\">Dumnezeu s\u0103 v\u0103 odihneasc\u0103 \u00een\npace, Domnule Profesor!<\/p>\n\n\n\n<p class=\"wp-block-paragraph\">Conf. univ. dr.\nFlorentina Ni\u021bu<\/p>\n\n\n\n<p class=\"wp-block-paragraph\">Bucure\u0219ti,\nianuarie 2019<\/p>\n\n\n\n<p class=\"wp-block-paragraph\"><strong>ANEX\u0102<\/strong><\/p>\n\n\n\n<p class=\"wp-block-paragraph\">Selec\u021bie lucr\u0103ri:<\/p>\n\n\n\n<ul class=\"wp-block-list\"><li><strong><em>B\u0103nia \u00een \u021aara Rom\u00e2neasc\u0103<\/em><\/strong>, Editura \u0218tiin\u021bific\u0103, Bucure\u0219ti, 1965,\n246 p.;<\/li><li><strong><em>\u021aara\nRom\u00e2neasc\u0103 de la Basarab I p\u00e2n\u0103 la Mihai Viteazul<\/em><\/strong>, Editura Academiei Republicii Socialiste Rom\u00e2nia,\nBucure\u0219ti, 1970, 176 p.;<\/li><li><strong><em>Demografia\n\u2013 dimensiune a istoriei<\/em><\/strong>, Editura Facla, Timi\u0219oara, 1974, 171 p.;<\/li><li><strong><em>Istoria\nRom\u00e2niei, vol. II<\/em><\/strong>\n(coautor), Editura Academiei Republicii Populare Rom\u00e2ne, Bucure\u0219ti, 1962;<\/li><li><strong><em>Istoria\npoporului rom\u00e2n<\/em><\/strong> (coautor),\nEditura \u0218tiin\u021bific\u0103, Bucure\u0219ti, 1970; (edi\u021bii \u0219i \u00een englez\u0103, italian\u0103,\ns\u00e2rbo-croat\u0103, japonez\u0103 \u0219i chinez\u0103);<\/li><li><strong><em>Istoria\nDobrogei, vol. III<\/em><\/strong>\n(\u00een colaborare), Editura Academiei Republicii Socialiste Rom\u00e2nia, Bucure\u0219ti,\n1971;<\/li><li><strong><em>Documenta\nRomaniae Historica.B. \u021aara Rom\u00e2neasc\u0103<\/em><\/strong>, volumele II, VI, VII, XI (\u00een colaborare),\nEditura Academiei Republicii Socialiste Rom\u00e2nia, Bucure\u0219ti, 1972, 602 p.;<\/li><li><strong><em>Documente\nstr\u0103ine despre rom\u00e2ni<\/em><\/strong> (coautor), Direc\u021bia General\u0103 a Arhivelor Statului, Bucure\u0219ti, 1979, 341\np.;<\/li><li><strong><em>Enciclopedia\nistoriografiei rom\u00e2ne\u0219ti<\/em><\/strong> (coautor \u0219i redactor coordonator), Editura \u0218tiin\u021bific\u0103 \u0219i Enciclopedic\u0103,\nBucure\u0219ti, 1978, 470 p.;<\/li><li><strong><em>Na\u021biunea\nrom\u00e2n\u0103<\/em><\/strong> (coautor \u0219i\nredactor coordonator), Editura \u0218tiin\u021bific\u0103 \u0219i Enciclopedic\u0103, Bucure\u0219ti, 1984;&nbsp; <\/li><li><strong><em>M\u0103rturii\nale trecutului. Album de documente<\/em><\/strong> (colaborare \u0219i studiul introductiv), Direc\u021bia\nArhivelor Statului, Bucure\u0219ti, 1981, 236 p.; (ed. a II \u2013a cu titlul <strong><em>Rom\u00e2nia.\nIstorie \u00een documente. Album<\/em><\/strong> \u2013 1992);<\/li><li><strong><em>Atlas\npentru istoria Rom\u00e2niei<\/em><\/strong> (coautor), Editura Didactic\u0103 \u0219i Pedagogic\u0103, Bucure\u0219ti, 1983;<\/li><li><strong><em>Principatele\nRom\u00e2ne. Originea \u0219i afirmarea lor<\/em><\/strong>, Editura Universit\u0103\u021bii Bucure\u0219ti, 1991, 171 p.;<\/li><li><strong><em>Principatele\nRom\u00e2ne \u00een secolele XIV \u2013 XV<\/em><\/strong>, Editura Universit\u0103\u021bii Bucure\u0219ti, 1992, 245 p.;<\/li><li><strong><em>Rom\u00e2nia\n\u0219i politica de alian\u021be<\/em><\/strong> (coautor), Editura Universit\u0103\u021bii Bucure\u0219ti, 1993;<\/li><li><strong><em>Istoria\nRom\u00e2niei. Pagini transilvane<\/em><\/strong> (coautor), Centrul de Studii Transilvane \u2013 Funda\u021bia Cultural\u0103 Rom\u00e2n\u0103, Cluj\n\u2013 Napoca, 1994;<\/li><li><strong><em>Romania\u2019s Economic History. From the Beginnings to World War II <\/em><\/strong>(coautor), Editura Academiei Rom\u00e2ne, Bucure\u0219ti, 1994 (edi\u021bie\nfrancez\u0103 \u00een 1996 \u0219i rom\u00e2n\u0103 \u00een 1997);<\/li><li><strong><em>Interesul na\u021bional \u0219i\npolitica de securitate<\/em><\/strong> (coautor), Institutul\nRom\u00e2n de Rela\u021bii Interna\u021bionale, Bucure\u0219ti, 1995;<\/li><li><strong><em>Autocefalie. Patriarhie.\nSlujire sf\u00e2nt\u0103. Momente aniversare \u00een Biserica<\/em><\/strong> <strong><em>Ortodox\u0103\nRom\u00e2n\u0103<\/em><\/strong> (coautor), Bucure\u0219ti, 1995;<\/li><li><strong><em>Istoria\nrom\u00e2nilor: De la Mihai Viteazul la Constantin Br\u00e2ncoveanu<\/em><\/strong>, Editura Universit\u0103\u021bii din Bucure\u0219ti,\n1996, 184 p.;<\/li><li><strong><em>Rom\u00e2nia. Atls istorico\n\u2013geografic<\/em><\/strong> (coautor), Editura Academiei Rom\u00e2ne,\nBucure\u0219ti, 1996;<\/li><li><strong><em>Spa\u021biul nord \u2013 est carpatic\n\u00een mileniul \u00eentunecat<\/em><\/strong> (coautor), Editura\nUniversit\u0103\u021bii \u201cAl.I.Cuza\u201d din Ia\u0219i, 1997;<\/li><li><strong><em>Istoria\nrom\u00e2nilor \u00een secolul al XVIII- lea. \u00centre tradi\u021bie \u0219i modernitate<\/em><\/strong>, Editura Universit\u0103\u021bii din Bucure\u0219ti,\n1999, 180 p.;<\/li><li><strong><em>Istoria\nRom\u00e2nilor, vol. III<\/em><\/strong>\n(coautor \u0219i redactor responsabil), Editura Enciclopedic\u0103, Bucure\u0219ti, 2001\n(reed. 2010);<\/li><li><strong><em>Istoria\nRom\u00e2nilor, vol. IV<\/em><\/strong>\n(coautor \u0219i redactor responsabil), Editura Enciclopedic\u0103, Bucure\u0219ti, 2001\n(reed. 2012);<\/li><li><strong><em>Istoria\nRom\u00e2nilor, de la afirmarea etnic\u0103 rom\u00e2neasc\u0103 la crearea\n\u201cDaciei rom<\/em><\/strong><strong><em>\u00e2ne\u0219ti<\/em><\/strong>\u201d <strong><em>sub conducerea lui Mihai Viteazul<\/em><\/strong>, Bucure\u0219ti, 2005, 208 p.;<\/li><li><strong><em>Rom\u00e2nia . Spa\u021biu.\nSocietate. Mediu<\/em><\/strong>, Academia Rom\u00e2n\u0103, Institutul\nde Geografie, Bucure\u0219ti, 2005, 420 p. (coautor);<\/li><li><strong><em>\u021a\u0103rile Rom\u00e2ne \u00een sistemul\nrela\u021biilor interna\u021bionale<\/em><\/strong> ( secolele XVII \u2013\nXVIII), Bucure\u0219ti, 2006, 224\np.;<\/li><li><strong><em>Dimitrie\nOnciul, Scrieri alese,<\/em><\/strong> edi\u021bie \u00eengrijit\u0103 de \u0218tefan \u0218tef\u0103nescu, Dorina N. Rusu, Bogdan Alexandru\nHalic, Bucure\u0219ti, 2006, 833 p.<\/li><\/ul>\n","protected":false},"excerpt":{"rendered":"<p>Facultatea de Istorie anun\u021b\u0103 cu profund\u0103 triste\u021be trecerea la cele ve\u0219nice a profesorului \u0218tefan \u0218tef\u0103nescu, membru titular al Academiei Rom\u00e2ne \u2013 Sec\u021bia de \u0218tiin\u021be Istorice. \u0218tefan \u0218tef\u0103nescu a urmat cursurile primare \u00een comuna natal\u0103, Goicea Mic\u0103, jude\u021bul Dolj, a absolvit cursurile Colegiului Na\u021bional Militar \u201dNicolae Filipescu\u201d de la M\u0103n\u0103stirea Dealu (colegiu transferat la Predeal \u00eencep\u00e2nd [&hellip;]<\/p>\n","protected":false},"author":2,"featured_media":0,"comment_status":"closed","ping_status":"open","sticky":false,"template":"","format":"standard","meta":{"_crdt_document":"","jetpack_post_was_ever_published":false,"_jetpack_newsletter_access":"","_jetpack_dont_email_post_to_subs":false,"_jetpack_newsletter_tier_id":0,"_jetpack_memberships_contains_paywalled_content":false,"_jetpack_memberships_contains_paid_content":false,"footnotes":"","jetpack_publicize_message":"","jetpack_publicize_feature_enabled":true,"jetpack_social_post_already_shared":true,"jetpack_social_options":{"image_generator_settings":{"template":"highway","default_image_id":0,"font":"","enabled":false},"version":2}},"categories":[21],"tags":[],"class_list":["post-1755","post","type-post","status-publish","format-standard","hentry","category-evenimente"],"jetpack_publicize_connections":[],"jetpack_featured_media_url":"","jetpack_sharing_enabled":true,"jetpack_shortlink":"https:\/\/wp.me\/paobZd-sj","jetpack-related-posts":[],"_links":{"self":[{"href":"https:\/\/istorie.unibuc.ro\/facultate\/wp-json\/wp\/v2\/posts\/1755","targetHints":{"allow":["GET"]}}],"collection":[{"href":"https:\/\/istorie.unibuc.ro\/facultate\/wp-json\/wp\/v2\/posts"}],"about":[{"href":"https:\/\/istorie.unibuc.ro\/facultate\/wp-json\/wp\/v2\/types\/post"}],"author":[{"embeddable":true,"href":"https:\/\/istorie.unibuc.ro\/facultate\/wp-json\/wp\/v2\/users\/2"}],"replies":[{"embeddable":true,"href":"https:\/\/istorie.unibuc.ro\/facultate\/wp-json\/wp\/v2\/comments?post=1755"}],"version-history":[{"count":1,"href":"https:\/\/istorie.unibuc.ro\/facultate\/wp-json\/wp\/v2\/posts\/1755\/revisions"}],"predecessor-version":[{"id":1757,"href":"https:\/\/istorie.unibuc.ro\/facultate\/wp-json\/wp\/v2\/posts\/1755\/revisions\/1757"}],"wp:attachment":[{"href":"https:\/\/istorie.unibuc.ro\/facultate\/wp-json\/wp\/v2\/media?parent=1755"}],"wp:term":[{"taxonomy":"category","embeddable":true,"href":"https:\/\/istorie.unibuc.ro\/facultate\/wp-json\/wp\/v2\/categories?post=1755"},{"taxonomy":"post_tag","embeddable":true,"href":"https:\/\/istorie.unibuc.ro\/facultate\/wp-json\/wp\/v2\/tags?post=1755"}],"curies":[{"name":"wp","href":"https:\/\/api.w.org\/{rel}","templated":true}]}}