{"id":16529,"date":"2024-09-30T15:43:37","date_gmt":"2024-09-30T15:43:37","guid":{"rendered":"https:\/\/istorie.unibuc.ro\/facultate\/?p=16529"},"modified":"2024-09-30T15:43:39","modified_gmt":"2024-09-30T15:43:39","slug":"call-for-applications-conferinta-anuala-a-facultatii-de-istorie-7-8-noiembrie-2024","status":"publish","type":"post","link":"https:\/\/istorie.unibuc.ro\/facultate\/2024\/09\/30\/call-for-applications-conferinta-anuala-a-facultatii-de-istorie-7-8-noiembrie-2024\/","title":{"rendered":"CALL FOR APPLICATIONS: CONFERIN\u021aA ANUAL\u0102 A FACULT\u0102\u021aII DE ISTORIE, 7-8 noiembrie 2024"},"content":{"rendered":"\n<p class=\"wp-block-paragraph\"><strong><em>Conferin\u021ba Anual\u0103 a Facult\u0103\u021bii de Istorie<\/em><\/strong> a Universit\u0103\u021bii din Bucure\u0219ti inaugureaz\u0103 cu aceast\u0103 prim\u0103 edi\u021bie seria unor evenimente \u0219tiin\u021bifice care \u00ee\u0219i propun s\u0103 contribuie la coagularea comunit\u0103\u021bii istorice din spa\u021biul academic rom\u00e2nesc. Aduc\u00e2nd la aceea\u0219i mas\u0103 speciali\u0219ti recunoscu\u021bi \u00een plan na\u021bional \u0219i interna\u021bional, din toate centrele universitare, din institutele Academiei Rom\u00e2ne, din muzee, biblioteci \u0219i arhive, conferin\u021ba dore\u0219te s\u0103 ofere cadrul de dezbatere necesar interoga\u021biilor despre propria disciplin\u0103, ca \u0219i gener\u0103rii de noi abord\u0103ri analitice \u0219i metodologice privind istoria.<\/p>\n\n\n\n<p class=\"wp-block-paragraph\"><em>Conferin\u021ba <\/em><em>Na\u021bional\u0103<\/em> <em>a Facult\u0103\u021bii de Istorie<\/em> se adreseaz\u0103 \u00eentregii comunit\u0103\u021bi academice, invit\u00e2nd contribu\u021bii at\u00e2t din interiorul domeniului, c\u00e2t \u0219i inter- \u0219i transdisciplinare. \u00cen vederea particip\u0103rii la conferin\u021b\u0103 pot fi propuse comunic\u0103ri pe o tematic\u0103 extins\u0103, care acoper\u0103 cronologic toate epocile, din preistorie p\u00e2n\u0103 \u00een contemporaneitate, plasate \u00eentr-un cadru larg european \u0219i interna\u021bional. F\u0103r\u0103 a fi limitate la sugestiile incluse, abord\u0103rile pot viza teme precum:<\/p>\n\n\n\n<ul class=\"wp-block-list\">\n<li>Regimuri politice, forme de putere \u0219i contestarea autorit\u0103\u021bii<\/li>\n\n\n\n<li>Represiune \u0219i rezisten\u021b\u0103<\/li>\n\n\n\n<li>Evolu\u021bii economice \u0219i decalaje de dezvoltare<\/li>\n\n\n\n<li>Transform\u0103ri sociale: reforme, revolu\u021bii, utopii<\/li>\n\n\n\n<li>Schimburi comerciale \u0219i transferuri culturale<\/li>\n\n\n\n<li>Reprezent\u0103ri artistice, ideologie, istoria artei<\/li>\n\n\n\n<li>Identitate \u0219i stereotipuri: autohtoni vs. alogeni \/ majoritari vs. minoritari<\/li>\n\n\n\n<li>Ora\u0219ul: institu\u021biile \u0219i locuitorii s\u0103i<\/li>\n\n\n\n<li>Cultur\u0103 material\u0103, mentalit\u0103\u021bi, via\u021b\u0103 cotidian\u0103<\/li>\n\n\n\n<li>Comunit\u0103\u021bi religioase, cult public \u0219i existen\u021b\u0103 secret\u0103<\/li>\n\n\n\n<li>Ipostaze ale corpului: gen, v\u00e2rste, boli \u0219i dizabilit\u0103\u021bi<\/li>\n\n\n\n<li>Rela\u021bii, sisteme \u0219i organiza\u021bii interna\u021bionale<\/li>\n\n\n\n<li>Politici culturale<\/li>\n\n\n\n<li>Istorie local\u0103, na\u021bional\u0103 \u0219i global\u0103<\/li>\n<\/ul>\n\n\n\n<p class=\"wp-block-paragraph\">A\u0219tept\u0103m propunerile dumneavoastr\u0103, con\u021bin\u00e2nd titlul \u0219i un scurt rezumat \u00een limba rom\u00e2n\u0103 (aproximativ 300 de cuvinte), \u00eenso\u021bite de numele, titlul\/func\u021bia \u0219i institu\u021bia\/organiza\u021bia din care face\u021bi parte, p\u00e2n\u0103 cel t\u00e2rziu pe <strong>15 octombrie<\/strong>, la adresa de e-mail: <a href=\"mailto:conferinte@istorie.unibuc.ro\">conferinte@istorie.unibuc.ro<\/a><\/p>\n\n\n\n<p class=\"wp-block-paragraph\">Rezultatul selec\u021biei v\u0103 va fi comunicat cel t\u00e2rziu \u00een data de <strong>20 octombrie 2024<\/strong>.<\/p>\n\n\n\n<p class=\"wp-block-paragraph\">Organizatorii vor asigura 2 nop\u021bi de cazare, mesele de pr\u00e2nz \u0219i cinele.<\/p>\n\n\n\n<p class=\"wp-block-paragraph\">Conferin\u021ba se va desf\u0103\u0219ura \u00een format fizic. Toate s\u0103lile de conferin\u021b\u0103 vor fi dotate cu laptop \u0219i videoproiector, precum \u0219i cu acces la internet. Prezent\u0103rile nu trebuie s\u0103 dep\u0103\u0219easc\u0103 15 de minute.<\/p>\n\n\n\n<figure class=\"wp-block-table\"><table class=\"has-fixed-layout\"><tbody><tr><td><strong>COMITETUL \u0218TIIN\u021aIFIC:<\/strong><\/td><td><strong>COMITETUL DE ORGANIZARE:<\/strong><\/td><\/tr><tr><td>Prof.univ.dr. Bogdan Murgescu<\/td><td>Conf.univ.dr. Andrei Florin Sora<\/td><\/tr><tr><td>Prof.univ.dr. Ecaterina Lung<\/td><td>Lect.univ.dr. Daniela Popescu<\/td><\/tr><tr><td>Prof.univ.dr. Alin Ciupal\u0103<\/td><td>Lect.dr. Bogdan Antoniu<\/td><\/tr><tr><td>Conf.univ.dr. Matei Gheboianu<\/td><td>Lect.dr. Alexandra Li\u021bu<\/td><\/tr><tr><td>Conf.dr. Radu Nedici<\/td><td>Lect.univ.dr. Mihaela Must\u0103\u021bea<\/td><\/tr><tr><td>Lect.dr. Daniela Zaharia<\/td><td>Asist.dr. Iulia Iliescu<\/td><\/tr><tr><td>Lect.dr. Manuela Dobre<\/td><td>Conf.univ.dr. Radu Nedici<\/td><\/tr><tr><td><strong>&nbsp;<\/strong><\/td><td>Conf.dr. Matei Gheboianu<\/td><\/tr><\/tbody><\/table><\/figure>\n\n\n\n<figure class=\"wp-block-image size-large\"><img data-recalc-dims=\"1\" loading=\"lazy\" decoding=\"async\" width=\"771\" height=\"771\" data-attachment-id=\"16530\" data-permalink=\"https:\/\/istorie.unibuc.ro\/facultate\/2024\/09\/30\/call-for-applications-conferinta-anuala-a-facultatii-de-istorie-7-8-noiembrie-2024\/afis_8-9noiembrie_fiub\/\" data-orig-file=\"https:\/\/i0.wp.com\/istorie.unibuc.ro\/wp-content\/uploads\/2024\/09\/Afis_8-9noiembrie_FIUB.jpeg?fit=1080%2C1080&amp;ssl=1\" data-orig-size=\"1080,1080\" data-comments-opened=\"0\" data-image-meta=\"{&quot;aperture&quot;:&quot;0&quot;,&quot;credit&quot;:&quot;Rare\\u0219 Prodescu&quot;,&quot;camera&quot;:&quot;&quot;,&quot;caption&quot;:&quot;&quot;,&quot;created_timestamp&quot;:&quot;0&quot;,&quot;copyright&quot;:&quot;&quot;,&quot;focal_length&quot;:&quot;0&quot;,&quot;iso&quot;:&quot;0&quot;,&quot;shutter_speed&quot;:&quot;0&quot;,&quot;title&quot;:&quot;&quot;,&quot;orientation&quot;:&quot;0&quot;}\" data-image-title=\"Afis_8-9noiembrie_FIUB\" data-image-description=\"\" data-image-caption=\"\" data-large-file=\"https:\/\/i0.wp.com\/istorie.unibuc.ro\/wp-content\/uploads\/2024\/09\/Afis_8-9noiembrie_FIUB.jpeg?fit=771%2C771&amp;ssl=1\" src=\"https:\/\/i0.wp.com\/istorie.unibuc.ro\/wp-content\/uploads\/2024\/09\/Afis_8-9noiembrie_FIUB.jpeg?resize=771%2C771&#038;ssl=1\" alt=\"\" class=\"wp-image-16530\" srcset=\"https:\/\/i0.wp.com\/istorie.unibuc.ro\/wp-content\/uploads\/2024\/09\/Afis_8-9noiembrie_FIUB.jpeg?resize=1024%2C1024&amp;ssl=1 1024w, https:\/\/i0.wp.com\/istorie.unibuc.ro\/wp-content\/uploads\/2024\/09\/Afis_8-9noiembrie_FIUB.jpeg?resize=300%2C300&amp;ssl=1 300w, https:\/\/i0.wp.com\/istorie.unibuc.ro\/wp-content\/uploads\/2024\/09\/Afis_8-9noiembrie_FIUB.jpeg?resize=150%2C150&amp;ssl=1 150w, https:\/\/i0.wp.com\/istorie.unibuc.ro\/wp-content\/uploads\/2024\/09\/Afis_8-9noiembrie_FIUB.jpeg?resize=768%2C768&amp;ssl=1 768w, https:\/\/i0.wp.com\/istorie.unibuc.ro\/wp-content\/uploads\/2024\/09\/Afis_8-9noiembrie_FIUB.jpeg?w=1080&amp;ssl=1 1080w\" sizes=\"auto, (max-width: 771px) 100vw, 771px\" \/><\/figure>\n\n\n\n<div data-wp-interactive=\"core\/file\" class=\"wp-block-file\"><object data-wp-bind--hidden=\"!state.hasPdfPreview\" hidden class=\"wp-block-file__embed\" data=\"https:\/\/istorie.unibuc.ro\/wp-content\/uploads\/2024\/09\/Call_8-9_noiembrie_FIUB.pdf\" type=\"application\/pdf\" style=\"width:100%;height:600px\" aria-label=\"\u00cenglobare pentru Call_8-9_noiembrie_FIUB.\"><\/object><a id=\"wp-block-file--media-39367618-0892-4b3d-b2ef-1b35f74bfe09\" href=\"https:\/\/istorie.unibuc.ro\/wp-content\/uploads\/2024\/09\/Call_8-9_noiembrie_FIUB.pdf\">Call_8-9_noiembrie_FIUB<\/a><a href=\"https:\/\/istorie.unibuc.ro\/wp-content\/uploads\/2024\/09\/Call_8-9_noiembrie_FIUB.pdf\" class=\"wp-block-file__button wp-element-button\" download aria-describedby=\"wp-block-file--media-39367618-0892-4b3d-b2ef-1b35f74bfe09\">Descarc\u0103<\/a><\/div>\n","protected":false},"excerpt":{"rendered":"<p>Conferin\u021ba Anual\u0103 a Facult\u0103\u021bii de Istorie a Universit\u0103\u021bii din Bucure\u0219ti inaugureaz\u0103 cu aceast\u0103 prim\u0103 edi\u021bie seria unor evenimente \u0219tiin\u021bifice care \u00ee\u0219i propun s\u0103 contribuie la coagularea comunit\u0103\u021bii istorice din spa\u021biul academic rom\u00e2nesc. Aduc\u00e2nd la aceea\u0219i mas\u0103 speciali\u0219ti recunoscu\u021bi \u00een plan na\u021bional \u0219i interna\u021bional, din toate centrele universitare, din institutele Academiei Rom\u00e2ne, din muzee, biblioteci \u0219i [&hellip;]<\/p>\n","protected":false},"author":11,"featured_media":0,"comment_status":"closed","ping_status":"open","sticky":false,"template":"","format":"standard","meta":{"_crdt_document":"","jetpack_post_was_ever_published":false,"_jetpack_newsletter_access":"","_jetpack_dont_email_post_to_subs":false,"_jetpack_newsletter_tier_id":0,"_jetpack_memberships_contains_paywalled_content":false,"_jetpack_memberships_contains_paid_content":false,"footnotes":"","jetpack_publicize_message":"","jetpack_publicize_feature_enabled":true,"jetpack_social_post_already_shared":true,"jetpack_social_options":{"image_generator_settings":{"template":"highway","default_image_id":0,"font":"","enabled":false},"version":2}},"categories":[20,34],"tags":[],"class_list":["post-16529","post","type-post","status-publish","format-standard","hentry","category-anunturi","category-avizier"],"jetpack_publicize_connections":[],"jetpack_featured_media_url":"","jetpack_sharing_enabled":true,"jetpack_shortlink":"https:\/\/wp.me\/paobZd-4iB","jetpack-related-posts":[],"_links":{"self":[{"href":"https:\/\/istorie.unibuc.ro\/facultate\/wp-json\/wp\/v2\/posts\/16529","targetHints":{"allow":["GET"]}}],"collection":[{"href":"https:\/\/istorie.unibuc.ro\/facultate\/wp-json\/wp\/v2\/posts"}],"about":[{"href":"https:\/\/istorie.unibuc.ro\/facultate\/wp-json\/wp\/v2\/types\/post"}],"author":[{"embeddable":true,"href":"https:\/\/istorie.unibuc.ro\/facultate\/wp-json\/wp\/v2\/users\/11"}],"replies":[{"embeddable":true,"href":"https:\/\/istorie.unibuc.ro\/facultate\/wp-json\/wp\/v2\/comments?post=16529"}],"version-history":[{"count":1,"href":"https:\/\/istorie.unibuc.ro\/facultate\/wp-json\/wp\/v2\/posts\/16529\/revisions"}],"predecessor-version":[{"id":16532,"href":"https:\/\/istorie.unibuc.ro\/facultate\/wp-json\/wp\/v2\/posts\/16529\/revisions\/16532"}],"wp:attachment":[{"href":"https:\/\/istorie.unibuc.ro\/facultate\/wp-json\/wp\/v2\/media?parent=16529"}],"wp:term":[{"taxonomy":"category","embeddable":true,"href":"https:\/\/istorie.unibuc.ro\/facultate\/wp-json\/wp\/v2\/categories?post=16529"},{"taxonomy":"post_tag","embeddable":true,"href":"https:\/\/istorie.unibuc.ro\/facultate\/wp-json\/wp\/v2\/tags?post=16529"}],"curies":[{"name":"wp","href":"https:\/\/api.w.org\/{rel}","templated":true}]}}