{"id":1424,"date":"2017-04-25T12:59:00","date_gmt":"2017-04-25T12:59:00","guid":{"rendered":""},"modified":"2018-10-28T19:07:24","modified_gmt":"2018-10-28T19:07:24","slug":"secunde-japoneze-arta-si-istorie-tara-soarelui-rasare","status":"publish","type":"post","link":"https:\/\/istorie.unibuc.ro\/facultate\/2017\/04\/25\/secunde-japoneze-arta-si-istorie-tara-soarelui-rasare\/","title":{"rendered":"SECUNDE JAPONEZE. Arta si istorie in Tara-Soarelui Rasare."},"content":{"rendered":"<p data-redactor-inserted-image=\"true\"><img loading=\"lazy\" decoding=\"async\" src=\"\/application\/files\/7814\/9312\/5218\/18157652_1461934757191837_4134080678850710219_n.jpg\" alt=\"\" width=\"337\" height=\"454\" id=\"image-marker\" style=\"float: right; margin: 0px 0px 10px 10px;\"><\/p>\n<p><strong>Masteratul de Istoria Ideilor, Mentalit??ilor ?i Culturii de Mas? ?i Cercul de Istorie Oriental?<\/strong> din cadrul Facult??ii de Istorie, Universitatea din Bucure?ti, cu sprijinul Raiden Dojo Bucure?ti, au deosebita pl?cere de a v? invita \u00een cadrul Sapt?m\u00e2nii Por?ilor Deschise, la o incursiune \u00een lumea istoriei ?i civiliza?iei japoneze. <br style=\"color: rgb(34, 34, 34); font-family: arial, sans-serif; font-size: 12.8px;\">C?l?toria virtual? va avea loc<strong> vineri, 28 aprilie, \u00eentre orele 14-20, la Facultatea de Istorie, Centrul de Studii Turce, sala 8. <br \/><\/strong><br style=\"color: rgb(34, 34, 34); font-family: arial, sans-serif; font-size: 12.8px;\">Itinerariul va cuprinde: <br style=\"color: rgb(34, 34, 34); font-family: arial, sans-serif; font-size: 12.8px;\"><br style=\"color: rgb(34, 34, 34); font-family: arial, sans-serif; font-size: 12.8px;\"><strong>Orele 14-16 <\/strong><br style=\"color: rgb(34, 34, 34); font-family: arial, sans-serif; font-size: 12.8px;\"><br style=\"color: rgb(34, 34, 34); font-family: arial, sans-serif; font-size: 12.8px;\">\u2022\tPrezentarea Cercului de Istorie Oriental?. Invitat: lect. dr. Silvana Rachieru (Centrul de Studii Turce) ?i prezentarea Programului de Master Istoria Ideilor, Mentalit??ilor ?i Cultur<span class=\"m_2528972440238176147m_4802546047643029729m_-1584238049799403587m_-289696583874385881gmail-text_exposed_show\">ii de Mas?. <\/p>\n<p>\u2022\tConferin?a:<strong><i> Incursiune \u00een mar?ialul r?zboinicilor japonezi ?i demonstra?ie de arme tradi?ionale japoneze<\/i><\/strong>, sus?inute de Mircea Gorunescu, masterand, Masterul de Istoria Ideilor, Mentalit??ilor ?i Culturii de Mas? ?i reprezentant Raiden Dojo Bucure?ti. <\/p>\n<p><strong>Orele 16-20 <\/strong><\/p>\n<p><\/span><\/p>\n<p>\u2022\tVizionare de film ?i dezbatere:<strong><i> C\u00e2t \u00een?elegem civiliza?ia japonez? ?i de ce ne fascineaz??<\/i><\/strong> \u00cen cadrul cursului <i>Film ?i Istorie<\/i> din cadrul Masteratului de Istoria Ideilor, Mentalit??ilor ?i Culturii de Mas?, sus?inut de prof. dr. Mirela-Lumini?a Murgescu, tema zilei va fi un film reprezentativ pentru cinematografia japonez?. Vizionarea va fi urmat? de o discu?ie cu privire la valoarea filmului, at\u00e2t din punct de vedere estetic, c\u00e2t ?i ca document relevant pentru cultura de mas? contemporan?. Invitat special la dezbatere: drd. Bogdan Opreanu.<\/p>\n","protected":false},"excerpt":{"rendered":"<p>Masteratul de Istoria Ideilor, Mentalit??ilor ?i Culturii de Mas? ?i Cercul de Istorie Oriental? din cadrul Facult??ii de Istorie, Universitatea din Bucure?ti, cu sprijinul Raiden Dojo Bucure?ti, au deosebita pl?cere de a v? invita \u00een cadrul Sapt?m\u00e2nii Por?ilor Deschise, la o incursiune \u00een lumea istoriei ?i civiliza?iei japoneze.<br \/>\nC?l?toria virtual? va avea loc vineri, 28 aprilie, \u00eentre orele 14-20, la Facultatea de Istorie, Centrul de Studii Turce, sala 8. <\/p>\n","protected":false},"author":2,"featured_media":0,"comment_status":"closed","ping_status":"closed","sticky":false,"template":"","format":"standard","meta":{"_crdt_document":"","jetpack_post_was_ever_published":false,"_jetpack_newsletter_access":"","_jetpack_dont_email_post_to_subs":false,"_jetpack_newsletter_tier_id":0,"_jetpack_memberships_contains_paywalled_content":false,"_jetpack_memberships_contains_paid_content":false,"footnotes":"","jetpack_publicize_message":"","jetpack_publicize_feature_enabled":true,"jetpack_social_post_already_shared":false,"jetpack_social_options":{"image_generator_settings":{"template":"highway","default_image_id":0,"font":"","enabled":false},"version":2}},"categories":[21],"tags":[],"class_list":["post-1424","post","type-post","status-publish","format-standard","hentry","category-evenimente"],"jetpack_publicize_connections":[],"jetpack_featured_media_url":"","jetpack_sharing_enabled":true,"jetpack_shortlink":"https:\/\/wp.me\/paobZd-mY","jetpack-related-posts":[],"_links":{"self":[{"href":"https:\/\/istorie.unibuc.ro\/facultate\/wp-json\/wp\/v2\/posts\/1424","targetHints":{"allow":["GET"]}}],"collection":[{"href":"https:\/\/istorie.unibuc.ro\/facultate\/wp-json\/wp\/v2\/posts"}],"about":[{"href":"https:\/\/istorie.unibuc.ro\/facultate\/wp-json\/wp\/v2\/types\/post"}],"author":[{"embeddable":true,"href":"https:\/\/istorie.unibuc.ro\/facultate\/wp-json\/wp\/v2\/users\/2"}],"replies":[{"embeddable":true,"href":"https:\/\/istorie.unibuc.ro\/facultate\/wp-json\/wp\/v2\/comments?post=1424"}],"version-history":[{"count":1,"href":"https:\/\/istorie.unibuc.ro\/facultate\/wp-json\/wp\/v2\/posts\/1424\/revisions"}],"predecessor-version":[{"id":1494,"href":"https:\/\/istorie.unibuc.ro\/facultate\/wp-json\/wp\/v2\/posts\/1424\/revisions\/1494"}],"wp:attachment":[{"href":"https:\/\/istorie.unibuc.ro\/facultate\/wp-json\/wp\/v2\/media?parent=1424"}],"wp:term":[{"taxonomy":"category","embeddable":true,"href":"https:\/\/istorie.unibuc.ro\/facultate\/wp-json\/wp\/v2\/categories?post=1424"},{"taxonomy":"post_tag","embeddable":true,"href":"https:\/\/istorie.unibuc.ro\/facultate\/wp-json\/wp\/v2\/tags?post=1424"}],"curies":[{"name":"wp","href":"https:\/\/api.w.org\/{rel}","templated":true}]}}