{"id":1378,"date":"2016-07-06T22:58:00","date_gmt":"2016-07-06T22:58:00","guid":{"rendered":""},"modified":"2018-10-28T18:35:21","modified_gmt":"2018-10-28T18:35:21","slug":"scoala-de-vara-xsier","status":"publish","type":"post","link":"https:\/\/istorie.unibuc.ro\/facultate\/2016\/07\/06\/scoala-de-vara-xsier\/","title":{"rendered":"Scoala de vara CSIER"},"content":{"rendered":"<p>Centrul pentru Studiul Istoriei Evreilor din Rom\u00e2nia (CSIER) din cadrul Federa?iei Comunit??ilor Evreie?ti din Rom\u00e2nia ?i Centrul de Studii Israeliene Goldstein Goren al Facult??ii de ?tiin?e Politice a Universit??ii din Bucure?ti organizeaz?, \u00een perioada 2-7 august 2016, la Cristian (Bra?ov),  ?coala de var? cu tema Evreii \u00een sfera public? a Rom\u00e2niei moderne.<\/p>\n<p><\/p>\n<p>Selec?ia participan?ilor la cursurile ?colii de var? se va realiza pe baza unui CV ?i a unui eseu (aprox. 4.000-5.000 semne) care va avea ca tem? comentarea unei fotografii inedite (scanat? la rezolu?ie de cel pu?in 300 dpi), legat? de comunitatea evreiasc? din Rom\u00e2nia, prezent\u00e2nd persoane sau locuri. Comentariul se va baza pe informa?ii ob?inute din istoriografie, memorialistic?, documente de arhiv? ?i\/sau interviu(uri) de istorie oral? cu persoane care au leg?tur? cu fotografia.<\/p>\n<p><\/p>\n<p>Trimiterea aplica?iilor se poate face p\u00e2n? la data de 10 iulie 2016 la adresa de mail  scoaladevara.csier@gmail.com. Aplica?iile vor fi evaluate de c?tre o comisie format? din cercet?tori ai Centrului pentru Studiul Istoriei Evreilor din Rom\u00e2nia ?i cadre academice ale Universit??ii din Bucure?ti. Rezultatele vor fi afi?ate pe site-ul CSIER ?i pe pagina de Facebook a CSIER, \u00een data de 20 iulie 2016. Pentru mai multe detalii ne pute?i contacta la adresa scoaladevara.csier@gmail.com.<\/p>\n<p><a href=\"http:\/\/www.scoaladevaracsier.ro\">www.scoaladevaracsier.ro<\/a> <\/p>\n","protected":false},"excerpt":{"rendered":"<p>Centrul pentru Studiul Istoriei Evreilor din Rom\u00e2nia (CSIER) din cadrul Federa?iei Comunit??ilor Evreie?ti din Rom\u00e2nia ?i Centrul de Studii Israeliene Goldstein Goren al Facult??ii de ?tiin?e Politice a Universit??ii din Bucure?ti organizeaz?, \u00een perioada 2-7 august 2016, la Cristian (Bra?ov), ?coala de var? cu tema Evreii \u00een sfera public? a Rom\u00e2niei moderne. Selec?ia participan?ilor la [&hellip;]<\/p>\n","protected":false},"author":2,"featured_media":0,"comment_status":"closed","ping_status":"closed","sticky":false,"template":"","format":"standard","meta":{"_crdt_document":"","jetpack_post_was_ever_published":false,"_jetpack_newsletter_access":"","_jetpack_dont_email_post_to_subs":false,"_jetpack_newsletter_tier_id":0,"_jetpack_memberships_contains_paywalled_content":false,"_jetpack_memberships_contains_paid_content":false,"footnotes":"","jetpack_publicize_message":"","jetpack_publicize_feature_enabled":true,"jetpack_social_post_already_shared":false,"jetpack_social_options":{"image_generator_settings":{"template":"highway","default_image_id":0,"font":"","enabled":false},"version":2}},"categories":[21],"tags":[],"class_list":["post-1378","post","type-post","status-publish","format-standard","hentry","category-evenimente"],"jetpack_publicize_connections":[],"jetpack_featured_media_url":"","jetpack_sharing_enabled":true,"jetpack_shortlink":"https:\/\/wp.me\/paobZd-me","jetpack-related-posts":[],"_links":{"self":[{"href":"https:\/\/istorie.unibuc.ro\/facultate\/wp-json\/wp\/v2\/posts\/1378","targetHints":{"allow":["GET"]}}],"collection":[{"href":"https:\/\/istorie.unibuc.ro\/facultate\/wp-json\/wp\/v2\/posts"}],"about":[{"href":"https:\/\/istorie.unibuc.ro\/facultate\/wp-json\/wp\/v2\/types\/post"}],"author":[{"embeddable":true,"href":"https:\/\/istorie.unibuc.ro\/facultate\/wp-json\/wp\/v2\/users\/2"}],"replies":[{"embeddable":true,"href":"https:\/\/istorie.unibuc.ro\/facultate\/wp-json\/wp\/v2\/comments?post=1378"}],"version-history":[{"count":1,"href":"https:\/\/istorie.unibuc.ro\/facultate\/wp-json\/wp\/v2\/posts\/1378\/revisions"}],"predecessor-version":[{"id":1392,"href":"https:\/\/istorie.unibuc.ro\/facultate\/wp-json\/wp\/v2\/posts\/1378\/revisions\/1392"}],"wp:attachment":[{"href":"https:\/\/istorie.unibuc.ro\/facultate\/wp-json\/wp\/v2\/media?parent=1378"}],"wp:term":[{"taxonomy":"category","embeddable":true,"href":"https:\/\/istorie.unibuc.ro\/facultate\/wp-json\/wp\/v2\/categories?post=1378"},{"taxonomy":"post_tag","embeddable":true,"href":"https:\/\/istorie.unibuc.ro\/facultate\/wp-json\/wp\/v2\/tags?post=1378"}],"curies":[{"name":"wp","href":"https:\/\/api.w.org\/{rel}","templated":true}]}}