{"id":1372,"date":"2016-05-23T19:56:00","date_gmt":"2016-05-23T19:56:00","guid":{"rendered":""},"modified":"2018-10-28T18:32:39","modified_gmt":"2018-10-28T18:32:39","slug":"dezbaterea-monarhia-romania-perspectiva-asupra-ceea-ce-fost-si-ceea-ce-poate-fi","status":"publish","type":"post","link":"https:\/\/istorie.unibuc.ro\/facultate\/2016\/05\/23\/dezbaterea-monarhia-romania-perspectiva-asupra-ceea-ce-fost-si-ceea-ce-poate-fi\/","title":{"rendered":"Dezbaterea Monarhia \u00een Rom\u00e2nia: perspectiv? asupra ceea ce a fost ?i ceea ce poate fi"},"content":{"rendered":"<p data-redactor-inserted-image=\"true\"><img loading=\"lazy\" decoding=\"async\" src=\"\/application\/files\/2014\/6402\/2694\/ddd.jpg\" alt=\"\" width=\"238\" height=\"344\" id=\"image-marker\" style=\" float: right; margin: 0px 0px 10px 10px;\"><\/p>\n<p style=\"color: rgb(0, 0, 0); font-family: HelveticaNeue-Light, &#39;Helvetica Neue Light&#39;, &#39;Helvetica Neue&#39;, Helvetica, Arial, &#39;Lucida Grande&#39;, sans-serif; font-size: 13px; line-height: normal; margin-bottom: 0.0001pt; text-align: justify;\"><span lang=\"RO\">Departamentul de Istorie a rom\u00e2nilor ?i a sud-estului european al Facult??ii de Istorie v? invit? la dezbaterea <i>Monarhia \u00een Rom\u00e2nia: perspectiv? asupra ceea ce a fost ?i ceea ce poate fi<\/i>, o ini?iativ? ce \u00ee?i propune at\u00e2t s? omagieze ziua regalit??ii \u00een Rom\u00e2nia, dar ?i s? ofere cadrul de dezbatere privind impactul monarhiei asupra dezvolt?rii Rom\u00e2niei. <br \/><\/span><\/p>\n<p rel=\"color: rgb(0, 0, 0); font-family: HelveticaNeue-Light, &#39;Helvetica Neue Light&#39;, &#39;Helvetica Neue&#39;, Helvetica, Arial, &#39;Lucida Grande&#39;, sans-serif; font-size: 13px; line-height: normal; margin-bottom: 0.0001pt; text-align: justify;\"><span lang=\"RO\"><br \/><\/span><\/p>\n<p><span lang=\"RO\">Prin invita?ii, subiectul ?i temele propuse, dezbaterea ofer? o abordare interdisciplinar? ?i se adreseaz? deopotriv? membrilor mediului academic, dar ?i reprezentan?ilor comunit??ii non-academice.<\/span><\/p>\n<p rel=\"color: rgb(0, 0, 0); font-family: HelveticaNeue-Light, &#39;Helvetica Neue Light&#39;, &#39;Helvetica Neue&#39;, Helvetica, Arial, &#39;Lucida Grande&#39;, sans-serif; font-size: 13px; line-height: normal; margin-bottom: 0.0001pt; text-align: justify;\"><span lang=\"RO\"><br \/><\/span><\/p>\n<p><span lang=\"RO\">Dezbaterea va avea loc miercuri, 25 mai, \u00eentre 11:00 \u2013 13:30 \u00een Sala de Consiliu a Facult??ii de Istorie.<\/span><\/p>\n<p rel=\"color: rgb(0, 0, 0); font-family: HelveticaNeue-Light, &#39;Helvetica Neue Light&#39;, &#39;Helvetica Neue&#39;, Helvetica, Arial, &#39;Lucida Grande&#39;, sans-serif; font-size: 13px; line-height: normal; margin-bottom: 0.0001pt; text-align: justify;\"><span lang=\"RO\"><br \/><\/span><\/p>\n<p>V? mul?umim pentru interes ?i v? a?tept?m cu drag.<\/p>\n","protected":false},"excerpt":{"rendered":"<p>Departamentul de Istorie a rom\u00e2nilor ?i a sud-estului european al Facult??ii de Istorie v? invit? la dezbaterea Monarhia \u00een Rom\u00e2nia: perspectiv? asupra ceea ce a fost ?i ceea ce poate fi, o ini?iativ? ce \u00ee?i propune at\u00e2t s? omagieze ziua regalit??ii \u00een Rom\u00e2nia, dar ?i s? ofere cadrul de dezbatere privind impactul monarhiei asupra dezvolt?rii Rom\u00e2niei. <\/p>\n","protected":false},"author":2,"featured_media":0,"comment_status":"closed","ping_status":"closed","sticky":false,"template":"","format":"standard","meta":{"_crdt_document":"","jetpack_post_was_ever_published":false,"_jetpack_newsletter_access":"","_jetpack_dont_email_post_to_subs":false,"_jetpack_newsletter_tier_id":0,"_jetpack_memberships_contains_paywalled_content":false,"_jetpack_memberships_contains_paid_content":false,"footnotes":"","jetpack_publicize_message":"","jetpack_publicize_feature_enabled":true,"jetpack_social_post_already_shared":false,"jetpack_social_options":{"image_generator_settings":{"template":"highway","default_image_id":0,"font":"","enabled":false},"version":2}},"categories":[21],"tags":[],"class_list":["post-1372","post","type-post","status-publish","format-standard","hentry","category-evenimente"],"jetpack_publicize_connections":[],"jetpack_featured_media_url":"","jetpack_sharing_enabled":true,"jetpack_shortlink":"https:\/\/wp.me\/paobZd-m8","jetpack-related-posts":[],"_links":{"self":[{"href":"https:\/\/istorie.unibuc.ro\/facultate\/wp-json\/wp\/v2\/posts\/1372","targetHints":{"allow":["GET"]}}],"collection":[{"href":"https:\/\/istorie.unibuc.ro\/facultate\/wp-json\/wp\/v2\/posts"}],"about":[{"href":"https:\/\/istorie.unibuc.ro\/facultate\/wp-json\/wp\/v2\/types\/post"}],"author":[{"embeddable":true,"href":"https:\/\/istorie.unibuc.ro\/facultate\/wp-json\/wp\/v2\/users\/2"}],"replies":[{"embeddable":true,"href":"https:\/\/istorie.unibuc.ro\/facultate\/wp-json\/wp\/v2\/comments?post=1372"}],"version-history":[{"count":1,"href":"https:\/\/istorie.unibuc.ro\/facultate\/wp-json\/wp\/v2\/posts\/1372\/revisions"}],"predecessor-version":[{"id":1380,"href":"https:\/\/istorie.unibuc.ro\/facultate\/wp-json\/wp\/v2\/posts\/1372\/revisions\/1380"}],"wp:attachment":[{"href":"https:\/\/istorie.unibuc.ro\/facultate\/wp-json\/wp\/v2\/media?parent=1372"}],"wp:term":[{"taxonomy":"category","embeddable":true,"href":"https:\/\/istorie.unibuc.ro\/facultate\/wp-json\/wp\/v2\/categories?post=1372"},{"taxonomy":"post_tag","embeddable":true,"href":"https:\/\/istorie.unibuc.ro\/facultate\/wp-json\/wp\/v2\/tags?post=1372"}],"curies":[{"name":"wp","href":"https:\/\/api.w.org\/{rel}","templated":true}]}}