{"id":1371,"date":"2016-05-19T21:37:00","date_gmt":"2016-05-19T21:37:00","guid":{"rendered":""},"modified":"2018-10-28T18:32:39","modified_gmt":"2018-10-28T18:32:39","slug":"masa-rotunda-intre-familie-si-stat-reglementarea-reproducerii-romania-comunista-dupa-50-de-ani","status":"publish","type":"post","link":"https:\/\/istorie.unibuc.ro\/facultate\/2016\/05\/19\/masa-rotunda-intre-familie-si-stat-reglementarea-reproducerii-romania-comunista-dupa-50-de-ani\/","title":{"rendered":"Masa Rotunda &#8211;  \u00centre familie ?i stat: reglementarea reproducerii \u00een Rom\u00e2nia comunist?. Dup? 50 de ani&#8230;."},"content":{"rendered":"<p><strong><\/strong><\/p>\n<p data-redactor-inserted-image=\"true\"><img loading=\"lazy\" decoding=\"async\" src=\"\/application\/files\/5114\/6368\/3791\/Screenshot_2016-05-19_at_20.47.jpg\" alt=\"\" width=\"433\" height=\"591\" id=\"image-marker\" style=\"float: right;\"><strong> Centrul de Cercet?ri \u00een Istorie Contemporan? &#8222;Cont*texte&#8221; (Facultatea de Istorie, Universitatea din Bucure?ti) \u00een parteneriat cu Asocia?ia Rom\u00e2n? de Istorie Social? (ARIS)<\/strong> v? invit? la masa rotund? <strong><em>\u00ce<\/em><\/strong><em><strong>ntre familie ?i stat: reglementarea reproducerii \u00een Rom\u00e2nia comunist?. Dup? 50 de ani&#8230;.<\/strong> <\/em>La jum?tate de secol de la emiterea \u201eDecretului 770\/1966 pentru reglementarea \u00eentreruperii cursului sarcinii\u201d vom analiza contextul, implica?iile sociale ?i urm?rile (ne)promov?rii accesului la contracep?ie modern? ?i avort \u00een Rom\u00e2nia comunist? ?i post-comunist?.<\/p>\n<p style=\"text-align: justify;\">            V? a?tept?m s? explor?m \u00eempreun? aceste teme, al?turi de invitatele noastre, specialiste \u00een istorie, studii de gen, istorie oral?, ?i antropologie social?: <\/p>\n<ul>\n<li>Prof. univ. dr. Jill Massino, University of North Carolina at Charlotte, SUA.<\/li>\n<li>Prof. univ. dr. Mihaela Miroiu, SNSPA Bucure?ti<\/li>\n<li>Dr. Lorena Anton, Marie Curie-CIG fellow (2013-2017, REPROAB), Universitatea din Bucure?ti.<\/li>\n<li>Dr. Luciana Jinga, Institutul de Investigare a Crimelor Comunismului ?i Memoria Exilului Rom\u00e2nesc, Bucure?ti.<\/li>\n<li>Dr. Corina Dobo?, Facultatea de Istorie, Universitatea din Bucure?ti.<\/li>\n<\/ul>\n<p style=\"text-align: justify;\">             Cuv\u00e2ntul  de deschidere va fi sus?inut de <strong>decanul Facult??ii de Istorie, conf. dr. Florentina Ni?u<\/strong>. Reuniunea va avea loc pe data de 2 iunie 2016, cu \u00eencepere de la orele 17.00, \u00een Sala de Consiliu a Facult??ii de Istorie, bd. Regina Elisabeta nr. 4-12, et.1.<\/p>\n","protected":false},"excerpt":{"rendered":"<p>  Centrul de Cercet?ri \u00een Istorie Contemporan? &#8222;Cont*texte&#8221; (Facultatea de Istorie, Universitatea din Bucure?ti) \u00een parteneriat cu Asocia?ia Rom\u00e2n? de Istorie Social? (ARIS) v? invit? la masa rotund? \u00centre familie ?i stat: reglementarea reproducerii \u00een Rom\u00e2nia comunist?. Dup? 50 de ani&#8230;<\/p>\n","protected":false},"author":2,"featured_media":0,"comment_status":"closed","ping_status":"closed","sticky":false,"template":"","format":"standard","meta":{"_crdt_document":"","jetpack_post_was_ever_published":false,"_jetpack_newsletter_access":"","_jetpack_dont_email_post_to_subs":false,"_jetpack_newsletter_tier_id":0,"_jetpack_memberships_contains_paywalled_content":false,"_jetpack_memberships_contains_paid_content":false,"footnotes":"","jetpack_publicize_message":"","jetpack_publicize_feature_enabled":true,"jetpack_social_post_already_shared":false,"jetpack_social_options":{"image_generator_settings":{"template":"highway","default_image_id":0,"font":"","enabled":false},"version":2}},"categories":[21],"tags":[],"class_list":["post-1371","post","type-post","status-publish","format-standard","hentry","category-evenimente"],"jetpack_publicize_connections":[],"jetpack_featured_media_url":"","jetpack_sharing_enabled":true,"jetpack_shortlink":"https:\/\/wp.me\/paobZd-m7","jetpack-related-posts":[],"_links":{"self":[{"href":"https:\/\/istorie.unibuc.ro\/facultate\/wp-json\/wp\/v2\/posts\/1371","targetHints":{"allow":["GET"]}}],"collection":[{"href":"https:\/\/istorie.unibuc.ro\/facultate\/wp-json\/wp\/v2\/posts"}],"about":[{"href":"https:\/\/istorie.unibuc.ro\/facultate\/wp-json\/wp\/v2\/types\/post"}],"author":[{"embeddable":true,"href":"https:\/\/istorie.unibuc.ro\/facultate\/wp-json\/wp\/v2\/users\/2"}],"replies":[{"embeddable":true,"href":"https:\/\/istorie.unibuc.ro\/facultate\/wp-json\/wp\/v2\/comments?post=1371"}],"version-history":[{"count":1,"href":"https:\/\/istorie.unibuc.ro\/facultate\/wp-json\/wp\/v2\/posts\/1371\/revisions"}],"predecessor-version":[{"id":1381,"href":"https:\/\/istorie.unibuc.ro\/facultate\/wp-json\/wp\/v2\/posts\/1371\/revisions\/1381"}],"wp:attachment":[{"href":"https:\/\/istorie.unibuc.ro\/facultate\/wp-json\/wp\/v2\/media?parent=1371"}],"wp:term":[{"taxonomy":"category","embeddable":true,"href":"https:\/\/istorie.unibuc.ro\/facultate\/wp-json\/wp\/v2\/categories?post=1371"},{"taxonomy":"post_tag","embeddable":true,"href":"https:\/\/istorie.unibuc.ro\/facultate\/wp-json\/wp\/v2\/tags?post=1371"}],"curies":[{"name":"wp","href":"https:\/\/api.w.org\/{rel}","templated":true}]}}