{"id":1365,"date":"2016-04-17T20:47:00","date_gmt":"2016-04-17T20:47:00","guid":{"rendered":""},"modified":"2018-10-28T18:32:40","modified_gmt":"2018-10-28T18:32:40","slug":"scoala-doctorala-de-istorie-sesiunea-nationala-de-comunicari-stiintifice","status":"publish","type":"post","link":"https:\/\/istorie.unibuc.ro\/facultate\/2016\/04\/17\/scoala-doctorala-de-istorie-sesiunea-nationala-de-comunicari-stiintifice\/","title":{"rendered":"Scoala Doctorala de Istorie &#8211; Sesiunea Nationala de Comunicari Stiintifice"},"content":{"rendered":"<p data-redactor-inserted-image=\"true\"><img loading=\"lazy\" decoding=\"async\" src=\"\/application\/files\/3214\/6091\/5533\/Afis_conferinta_SDI_2016.jpg\" alt=\"\" width=\"342\" height=\"486\" id=\"image-marker\" style=\" float: right; margin: 0px 0px 10px 10px;\"><\/p>\n<p style=\"text-align: justify;\"><strong>?coala Doctoral? de Istorie<\/strong> din cadrul Facult??ii de Istorie a Universit??ii din Bucure?ti are onoarea de a v? invita s? participa?i la <strong>Sesiunea Na?ional? de Comunic?ri ?tiin?ifice \u201eTimp, spa?ii ?i mentalit??i. Istoria \u00eentre concret ?i imaginar\u201d<\/strong>. Evenimentul va avea loc pe data de 27 mai 2016 ?i se adreseaz? studen?ilor-doctoranzi la istorie ?i ?tiin?e conexe, din to?i anii de studiu ?i din toate centrele universitare din Rom\u00e2nia.<\/p>\n<p style=\"text-align: justify;\">Pentru a participa la sesiune, v? rug?m s? completa?i formularul de \u00eenscriere (ce poate fi accesat la adresa: http:\/\/goo.gl\/forms\/kL30tBC2Q8) p\u00e2n? pe data de 8 mai 2016. Rezultatele selec?iei participan?ilor vor fi afi?ate pe site-ul <a href=\"http:\/\/www.istorie.unibuc.ro\">www.istorie.unibuc.ro<\/a> ?i comunicate prin e-mail pe data de 11 mai 2016. Confirm?rile participan?ilor trebuie transmise organizatorilor la adresa sesiune.sdi@gmail.com p\u00e2n? pe data de 15 mai 2016. \u00cen cadrul festivit??ii de \u00eencheiere a evenimentului, to?i participan?ii vor primi o diplom? din partea Facult??ii de Istorie a Universit??ii din Bucure?ti. De asemenea, \u00een urma evalu?rii, cele mai bune lucr?ri vor fi publicate \u00eentr-un volum ap?rut sub egida Editurii Universit??ii din Bucure?ti.<\/p>\n<p style=\"text-align: justify;\">Nu se percepe tax? de participare. Pentru participan?ii din ?ar? vor fi asigurate serviciile de cazare.<\/p>\n<p style=\"text-align: justify;\">Sunte?i bineveni?i la Facultatea de Istorie a Universit??ii din Bucure?ti!<\/p>\n","protected":false},"excerpt":{"rendered":"<p> \u201eTimp, spa?ii ?i mentalit??i. Istoria \u00eentre concret ?i imaginar\u201d <\/p>\n","protected":false},"author":2,"featured_media":0,"comment_status":"closed","ping_status":"closed","sticky":false,"template":"","format":"standard","meta":{"_crdt_document":"","jetpack_post_was_ever_published":false,"_jetpack_newsletter_access":"","_jetpack_dont_email_post_to_subs":false,"_jetpack_newsletter_tier_id":0,"_jetpack_memberships_contains_paywalled_content":false,"_jetpack_memberships_contains_paid_content":false,"footnotes":"","jetpack_publicize_message":"","jetpack_publicize_feature_enabled":true,"jetpack_social_post_already_shared":false,"jetpack_social_options":{"image_generator_settings":{"template":"highway","default_image_id":0,"font":"","enabled":false},"version":2}},"categories":[21],"tags":[],"class_list":["post-1365","post","type-post","status-publish","format-standard","hentry","category-evenimente"],"jetpack_publicize_connections":[],"jetpack_featured_media_url":"","jetpack_sharing_enabled":true,"jetpack_shortlink":"https:\/\/wp.me\/paobZd-m1","jetpack-related-posts":[],"_links":{"self":[{"href":"https:\/\/istorie.unibuc.ro\/facultate\/wp-json\/wp\/v2\/posts\/1365","targetHints":{"allow":["GET"]}}],"collection":[{"href":"https:\/\/istorie.unibuc.ro\/facultate\/wp-json\/wp\/v2\/posts"}],"about":[{"href":"https:\/\/istorie.unibuc.ro\/facultate\/wp-json\/wp\/v2\/types\/post"}],"author":[{"embeddable":true,"href":"https:\/\/istorie.unibuc.ro\/facultate\/wp-json\/wp\/v2\/users\/2"}],"replies":[{"embeddable":true,"href":"https:\/\/istorie.unibuc.ro\/facultate\/wp-json\/wp\/v2\/comments?post=1365"}],"version-history":[{"count":1,"href":"https:\/\/istorie.unibuc.ro\/facultate\/wp-json\/wp\/v2\/posts\/1365\/revisions"}],"predecessor-version":[{"id":1385,"href":"https:\/\/istorie.unibuc.ro\/facultate\/wp-json\/wp\/v2\/posts\/1365\/revisions\/1385"}],"wp:attachment":[{"href":"https:\/\/istorie.unibuc.ro\/facultate\/wp-json\/wp\/v2\/media?parent=1365"}],"wp:term":[{"taxonomy":"category","embeddable":true,"href":"https:\/\/istorie.unibuc.ro\/facultate\/wp-json\/wp\/v2\/categories?post=1365"},{"taxonomy":"post_tag","embeddable":true,"href":"https:\/\/istorie.unibuc.ro\/facultate\/wp-json\/wp\/v2\/tags?post=1365"}],"curies":[{"name":"wp","href":"https:\/\/api.w.org\/{rel}","templated":true}]}}