{"id":1361,"date":"2016-03-16T15:07:00","date_gmt":"2016-03-16T15:07:00","guid":{"rendered":""},"modified":"2018-10-28T18:32:40","modified_gmt":"2018-10-28T18:32:40","slug":"conferinta-mn-maritis-sau-meserie-femeile-familia-si-afirmarea-spatiul-public-al-romaniei-moderne","status":"publish","type":"post","link":"https:\/\/istorie.unibuc.ro\/facultate\/2016\/03\/16\/conferinta-mn-maritis-sau-meserie-femeile-familia-si-afirmarea-spatiul-public-al-romaniei-moderne\/","title":{"rendered":"Conferinta MNAR &#8211; M?riti? sau meserie? Femeile, familia ?i afirmarea \u00een spa?iul public al Rom\u00e2niei moderne"},"content":{"rendered":"<p style=\"text-align: justify;\"><img loading=\"lazy\" decoding=\"async\" src=\"\/application\/files\/6914\/5813\/3819\/Femei_onoare_si_pacat_in_Valahia_secolului_al_XIX-lea.jpg\" alt=\"\" width=\"375\" height=\"574\" id=\"image-marker\" style=\"float: right; margin: 0px 0px 10px 10px; background-color: transparent;\"><\/p>\n<p style=\"text-align: justify;\"><strong>Muzeul Na?ional de Art? al Rom\u00e2niei <\/strong>v? invit? s? participa?i miercuri, 24 martie 2016, orele 16.30, la conferin?a <em><strong>M?riti? sau meserie? Femeile, familia ?i afirmarea \u00een spa?iul public al Rom\u00e2niei moderne, sus?inut? de Nicolet<\/strong><\/em><em><strong>a Roman.<\/strong><\/em><\/p>\n<p style=\"text-align: justify;\">Participarea se face pe baz? de programare la telefon 021.314.81.19 sau prin e-mail<\/p>\n<p style=\"text-align: justify;\">Conferin?a \u00ee?i propune s? prezinte o incursiune \u00een istoria femeii din Rom\u00e2nia modern?, pun\u00e2nd accent pe op?iunile de via?? ?i modalit??ile de afirmare ale acesteia \u00een spa?iul public. De la primii pa?i ai unei form?ri profesionale p\u00e2n? recunoa?terea public? a valorii ei: femei de r\u00e2nd, femei cu nume, femei cu talent. Toate suprinse \u00eentr-o lupt? pentru familie, supravie?uire financiar? ?i statut. la programari@art.museum.ro.  Se pl?te?te biletul de acces \u00een expozi?ie (10 lei).<\/p>\n<p style=\"text-align: justify;\">Nicoleta Roman este cercet?toare \u00een cadrul Institutului de Istorie ?Nicolae Iorga?, istoric, specialist \u00een istoria secolului al XIX-lea ?i \u00een domenii ale istoriei sociale ?i a mentalit??ilor precum istoria femeii, istoria familiei ?i a copil?riei, istoria educa?iei ?i a asisten?ei sociale. Ultima sa lucrare, ?Dezn?d?jduit? muiere n-au fost ca mine?. Femei, onoare ?i p?cat \u00een Valahia secolului al XIX-lea, a ap?rut recent la editura Humanitas.<\/p>\n<p style=\"text-align: justify;\">Mai multe detalii puteti afla din comunicatul de pres? ata?at.<\/p>\n<p style=\"text-align: justify;\"><\/p>\n","protected":false},"excerpt":{"rendered":"<p>Muzeul Na?ional de Art? al Rom\u00e2niei v? invit? s? participa?i miercuri, 24 martie 2016, orele 16.30, la conferin?a M?riti? sau meserie? Femeile, familia ?i afirmarea \u00een spa?iul public al Rom\u00e2niei moderne, sus?inut? de Nicoleta Roman.<\/p>\n","protected":false},"author":2,"featured_media":0,"comment_status":"closed","ping_status":"closed","sticky":false,"template":"","format":"standard","meta":{"_crdt_document":"","jetpack_post_was_ever_published":false,"_jetpack_newsletter_access":"","_jetpack_dont_email_post_to_subs":false,"_jetpack_newsletter_tier_id":0,"_jetpack_memberships_contains_paywalled_content":false,"_jetpack_memberships_contains_paid_content":false,"footnotes":"","jetpack_publicize_message":"","jetpack_publicize_feature_enabled":true,"jetpack_social_post_already_shared":false,"jetpack_social_options":{"image_generator_settings":{"template":"highway","default_image_id":0,"font":"","enabled":false},"version":2}},"categories":[21],"tags":[],"class_list":["post-1361","post","type-post","status-publish","format-standard","hentry","category-evenimente"],"jetpack_publicize_connections":[],"jetpack_featured_media_url":"","jetpack_sharing_enabled":true,"jetpack_shortlink":"https:\/\/wp.me\/paobZd-lX","jetpack-related-posts":[],"_links":{"self":[{"href":"https:\/\/istorie.unibuc.ro\/facultate\/wp-json\/wp\/v2\/posts\/1361","targetHints":{"allow":["GET"]}}],"collection":[{"href":"https:\/\/istorie.unibuc.ro\/facultate\/wp-json\/wp\/v2\/posts"}],"about":[{"href":"https:\/\/istorie.unibuc.ro\/facultate\/wp-json\/wp\/v2\/types\/post"}],"author":[{"embeddable":true,"href":"https:\/\/istorie.unibuc.ro\/facultate\/wp-json\/wp\/v2\/users\/2"}],"replies":[{"embeddable":true,"href":"https:\/\/istorie.unibuc.ro\/facultate\/wp-json\/wp\/v2\/comments?post=1361"}],"version-history":[{"count":1,"href":"https:\/\/istorie.unibuc.ro\/facultate\/wp-json\/wp\/v2\/posts\/1361\/revisions"}],"predecessor-version":[{"id":1389,"href":"https:\/\/istorie.unibuc.ro\/facultate\/wp-json\/wp\/v2\/posts\/1361\/revisions\/1389"}],"wp:attachment":[{"href":"https:\/\/istorie.unibuc.ro\/facultate\/wp-json\/wp\/v2\/media?parent=1361"}],"wp:term":[{"taxonomy":"category","embeddable":true,"href":"https:\/\/istorie.unibuc.ro\/facultate\/wp-json\/wp\/v2\/categories?post=1361"},{"taxonomy":"post_tag","embeddable":true,"href":"https:\/\/istorie.unibuc.ro\/facultate\/wp-json\/wp\/v2\/tags?post=1361"}],"curies":[{"name":"wp","href":"https:\/\/api.w.org\/{rel}","templated":true}]}}