{"id":1342,"date":"2015-12-07T16:20:00","date_gmt":"2015-12-07T16:20:00","guid":{"rendered":""},"modified":"2018-10-28T18:28:14","modified_gmt":"2018-10-28T18:28:14","slug":"conferinta-de-inchidere-istorie-digitala-si-informatizarea-patrimoniului-cultural","status":"publish","type":"post","link":"https:\/\/istorie.unibuc.ro\/facultate\/2015\/12\/07\/conferinta-de-inchidere-istorie-digitala-si-informatizarea-patrimoniului-cultural\/","title":{"rendered":"Conferin?a de \u00eenchidere \u201dIstorie digital? ?i informatizarea patrimoniului cultural\u201d"},"content":{"rendered":"<p data-redactor-inserted-image=\"true\"><img loading=\"lazy\" decoding=\"async\" src=\"\/application\/files\/9614\/4949\/8426\/istorie_digitala.jpg\" alt=\"\" width=\"154\" height=\"221\" style=\" float: right; margin: 0px 0px 10px 10px;\">Proiectul \u201dIstorie digital? ?i informatizarea patrimoniului cultural\u201d are ca obiectiv general dezvoltarea unui program masteral interdisciplinar ?i inovativ la nivel mondial, \u00een domeniul Istorie digital?, pentru \u00eembun?t??irea form?rii de calitate a resurselor umane, dezvoltarea calit??ii comunic?rii dintre mediul academic ?i cel privat, \u00eembun?t??irea serviciilor oferite studen?ilor ?i profesorilor \u00een scopul cre?terii gradului de integrare a studen?ilor pe pia?a muncii, dezvoltarea rutelor flexibile de \u00eenv??are pe tot parcursul vie?ii, cre?terea accesului la educa?ie ?i formare prin promovarea re?elelor virtuale.<\/p>\n<p style=\"text-align: justify;\">Obiectivul general al proiectului sus?ine obiectivul general al Programului Opera?ional Sectorial Dezvoltarea Resurselor Umane 2007-2013, dezvoltarea capitalului uman ?i cre?terea competitivit??ii prin corelarea educa?iei ?i \u00eenv???rii pe tot parcursul vie?ii cu pia?a muncii ?i obiectivele Domeniului Major de Interven?ie 1\/2. Axa Prioritar? 1 a POSDRU: 1. \u00eembun?t??irea programelor de licen?? ?i masterat \u00een conformitate cu Cadrul Na?ional al Calific?rilor \u00een \u00cenv???m\u00e2ntul Superior ?i consolidarea invoc?rii, cooper?rii ?i a re?elelor \u00eentre universit??i, mediul de afaceri ?i centrele de cercetare, Legea Educa?iei Na?ionale cu complet?rile aferente alinierii cu obiectivele Agendei Lisabona ?i Agendei Europa 2020.<\/p>\n<p style=\"text-align: justify;\"><\/p>\n<p>Conferin?a de \u00eenchidere a proiectului \u201dIstorie digital? ?i informatizarea patrimoniului cultural\u201d va avea loc mar?i, 8 decembrie, ora 10:30 \u00een Amfiteatrul Iorga.<\/p>\n<p>V? a?tept?m cu drag!<\/p>\n<p><\/p>\n<p><\/p>\n","protected":false},"excerpt":{"rendered":"<p>Conferin?a de \u00eenchidere a proiectului \u201dIstorie digital? ?i informatizarea patrimoniului cultural\u201d<\/p>\n","protected":false},"author":2,"featured_media":0,"comment_status":"closed","ping_status":"closed","sticky":false,"template":"","format":"standard","meta":{"_crdt_document":"","jetpack_post_was_ever_published":false,"_jetpack_newsletter_access":"","_jetpack_dont_email_post_to_subs":false,"_jetpack_newsletter_tier_id":0,"_jetpack_memberships_contains_paywalled_content":false,"_jetpack_memberships_contains_paid_content":false,"footnotes":"","jetpack_publicize_message":"","jetpack_publicize_feature_enabled":true,"jetpack_social_post_already_shared":false,"jetpack_social_options":{"image_generator_settings":{"template":"highway","default_image_id":0,"font":"","enabled":false},"version":2}},"categories":[21],"tags":[],"class_list":["post-1342","post","type-post","status-publish","format-standard","hentry","category-evenimente"],"jetpack_publicize_connections":[],"jetpack_featured_media_url":"","jetpack_sharing_enabled":true,"jetpack_shortlink":"https:\/\/wp.me\/paobZd-lE","jetpack-related-posts":[],"_links":{"self":[{"href":"https:\/\/istorie.unibuc.ro\/facultate\/wp-json\/wp\/v2\/posts\/1342","targetHints":{"allow":["GET"]}}],"collection":[{"href":"https:\/\/istorie.unibuc.ro\/facultate\/wp-json\/wp\/v2\/posts"}],"about":[{"href":"https:\/\/istorie.unibuc.ro\/facultate\/wp-json\/wp\/v2\/types\/post"}],"author":[{"embeddable":true,"href":"https:\/\/istorie.unibuc.ro\/facultate\/wp-json\/wp\/v2\/users\/2"}],"replies":[{"embeddable":true,"href":"https:\/\/istorie.unibuc.ro\/facultate\/wp-json\/wp\/v2\/comments?post=1342"}],"version-history":[{"count":1,"href":"https:\/\/istorie.unibuc.ro\/facultate\/wp-json\/wp\/v2\/posts\/1342\/revisions"}],"predecessor-version":[{"id":1349,"href":"https:\/\/istorie.unibuc.ro\/facultate\/wp-json\/wp\/v2\/posts\/1342\/revisions\/1349"}],"wp:attachment":[{"href":"https:\/\/istorie.unibuc.ro\/facultate\/wp-json\/wp\/v2\/media?parent=1342"}],"wp:term":[{"taxonomy":"category","embeddable":true,"href":"https:\/\/istorie.unibuc.ro\/facultate\/wp-json\/wp\/v2\/categories?post=1342"},{"taxonomy":"post_tag","embeddable":true,"href":"https:\/\/istorie.unibuc.ro\/facultate\/wp-json\/wp\/v2\/tags?post=1342"}],"curies":[{"name":"wp","href":"https:\/\/api.w.org\/{rel}","templated":true}]}}