{"id":1340,"date":"2015-12-04T21:05:00","date_gmt":"2015-12-04T21:05:00","guid":{"rendered":""},"modified":"2018-10-28T18:28:15","modified_gmt":"2018-10-28T18:28:15","slug":"dezbaterea-magna-charta-libertatum-o-carta-de-privilegii-sau-de-libertati","status":"publish","type":"post","link":"https:\/\/istorie.unibuc.ro\/facultate\/2015\/12\/04\/dezbaterea-magna-charta-libertatum-o-carta-de-privilegii-sau-de-libertati\/","title":{"rendered":"Dezbaterea \u201eMagna Charta Libertatum \u2013 o carta de privilegii sau de libertati?"},"content":{"rendered":"<p data-redactor-inserted-image=\"true\"><img loading=\"lazy\" decoding=\"async\" src=\"\/application\/files\/2814\/4925\/5877\/12309731_890040731073755_8194283950259659180_o.jpg\" alt=\"\" width=\"224\" height=\"317\" style=\"float: right; margin: 0px 0px 10px 10px;\"><\/p>\n<p style=\"text-align: justify;\">Cercul de Istorie Medieval? are pl?cerea de a v? invita la dezbaterea \u201eMagna Charta Libertatum \u2013 o cart? de privilegii sau de libert??i?\u201d care va avea loc mar?i, 8 decembrie 2015, \u00een cadrul Facult??ii de Istorie, Amfiteatrul Condurachi (ejatul 4), \u00eencep\u00e2nd cu ora 17:30.<\/p>\n<p style=\"text-align: justify;\">V? a?tept?m!<\/p>\n<p>Event Facebook:<\/p>\n<p style=\"text-align: justify;\"><a href=\"https:\/\/www.facebook.com\/events\/890903791030643\/\">https:\/\/www.facebook.com\/events\/890903791030643\/<\/a> <\/p>\n","protected":false},"excerpt":{"rendered":"<p>Cercul de Istorie Medieval? are pl?cerea de a v? invita la dezbaterea \u201eMagna Charta Libertatum \u2013 o cart? de privilegii sau de libert??i?\u201d care va avea loc mar?i, 8 decembrie 2015, \u00een cadrul Facult??ii de Istorie, Amfiteatrul Condurachi (ejatul 4), \u00eencep\u00e2nd cu ora 17:30.<\/p>\n","protected":false},"author":2,"featured_media":0,"comment_status":"closed","ping_status":"closed","sticky":false,"template":"","format":"standard","meta":{"_crdt_document":"","jetpack_post_was_ever_published":false,"_jetpack_newsletter_access":"","_jetpack_dont_email_post_to_subs":false,"_jetpack_newsletter_tier_id":0,"_jetpack_memberships_contains_paywalled_content":false,"_jetpack_memberships_contains_paid_content":false,"footnotes":"","jetpack_publicize_message":"","jetpack_publicize_feature_enabled":true,"jetpack_social_post_already_shared":false,"jetpack_social_options":{"image_generator_settings":{"template":"highway","default_image_id":0,"font":"","enabled":false},"version":2}},"categories":[21],"tags":[],"class_list":["post-1340","post","type-post","status-publish","format-standard","hentry","category-evenimente"],"jetpack_publicize_connections":[],"jetpack_featured_media_url":"","jetpack_sharing_enabled":true,"jetpack_shortlink":"https:\/\/wp.me\/paobZd-lC","jetpack-related-posts":[],"_links":{"self":[{"href":"https:\/\/istorie.unibuc.ro\/facultate\/wp-json\/wp\/v2\/posts\/1340","targetHints":{"allow":["GET"]}}],"collection":[{"href":"https:\/\/istorie.unibuc.ro\/facultate\/wp-json\/wp\/v2\/posts"}],"about":[{"href":"https:\/\/istorie.unibuc.ro\/facultate\/wp-json\/wp\/v2\/types\/post"}],"author":[{"embeddable":true,"href":"https:\/\/istorie.unibuc.ro\/facultate\/wp-json\/wp\/v2\/users\/2"}],"replies":[{"embeddable":true,"href":"https:\/\/istorie.unibuc.ro\/facultate\/wp-json\/wp\/v2\/comments?post=1340"}],"version-history":[{"count":1,"href":"https:\/\/istorie.unibuc.ro\/facultate\/wp-json\/wp\/v2\/posts\/1340\/revisions"}],"predecessor-version":[{"id":1350,"href":"https:\/\/istorie.unibuc.ro\/facultate\/wp-json\/wp\/v2\/posts\/1340\/revisions\/1350"}],"wp:attachment":[{"href":"https:\/\/istorie.unibuc.ro\/facultate\/wp-json\/wp\/v2\/media?parent=1340"}],"wp:term":[{"taxonomy":"category","embeddable":true,"href":"https:\/\/istorie.unibuc.ro\/facultate\/wp-json\/wp\/v2\/categories?post=1340"},{"taxonomy":"post_tag","embeddable":true,"href":"https:\/\/istorie.unibuc.ro\/facultate\/wp-json\/wp\/v2\/tags?post=1340"}],"curies":[{"name":"wp","href":"https:\/\/api.w.org\/{rel}","templated":true}]}}